{"id":3247,"date":"2022-12-11T14:37:37","date_gmt":"2022-12-11T13:37:37","guid":{"rendered":"https:\/\/kwintesencja.art\/?p=3247"},"modified":"2024-01-10T10:12:33","modified_gmt":"2024-01-10T09:12:33","slug":"spacerujac-w-chmurach","status":"publish","type":"post","link":"https:\/\/kwintesencja.art\/pl\/2022\/12\/11\/spacerujac-w-chmurach\/","title":{"rendered":"Spaceruj\u0105c w chmurach"},"content":{"rendered":"\n<p>Postaci na jego obrazach cz\u0119sto lewituj\u0105 w powietrzu, niejako poszukuj\u0105c dla siebie nowego, lepszego \u015bwiata. Cz\u0119stym motywem jego prac jest rodzinne miasteczko Witebsk. Ponadto malarz cz\u0119sto malowa\u0142 dziwaczne czerwone ptaki i skrzyd\u0142a, kt\u00f3re stanowi\u0105 wymowny symbol marze\u0144 i pragnienia oderwania si\u0119 od rzeczywisto\u015bci. Sta\u0142ym motywem jego prac by\u0142a mi\u0142o\u015b\u0107 dwojga kochank\u00f3w, a jego muz\u0105 by\u0142a \u017cona.<\/p>\n\n\n\n<figure class=\"wp-block-image size-full is-resized\"><img loading=\"lazy\" decoding=\"async\" width=\"800\" height=\"834\" src=\"https:\/\/kwintesencja.art\/wp-content\/uploads\/2022\/12\/www.kwintesencja.art-Chagall_Spacer.jpg\" alt=\"\" class=\"wp-image-3272\" style=\"width:1450px;height:1512px\" srcset=\"https:\/\/kwintesencja.art\/wp-content\/uploads\/2022\/12\/www.kwintesencja.art-Chagall_Spacer.jpg 800w, https:\/\/kwintesencja.art\/wp-content\/uploads\/2022\/12\/www.kwintesencja.art-Chagall_Spacer-288x300.jpg 288w, https:\/\/kwintesencja.art\/wp-content\/uploads\/2022\/12\/www.kwintesencja.art-Chagall_Spacer-768x801.jpg 768w, https:\/\/kwintesencja.art\/wp-content\/uploads\/2022\/12\/www.kwintesencja.art-Chagall_Spacer-600x626.jpg 600w\" sizes=\"auto, (max-width: 800px) 100vw, 800px\" \/><figcaption class=\"wp-element-caption\">Spacer<\/figcaption><\/figure>\n\n\n\n<p class=\"has-drop-cap\">Marc Chagall (prawdziwe nazwisko Mojsza Zacharowicz Szaga\u0142ow) urodzi\u0142 si\u0119 w 1887 roku w okolicach Witebska na Bia\u0142orusi. Malarz mia\u0142 korzenie semickie, urodzi\u0142 si\u0119 w ubogiej, wielodzietnej rodzinie. Pomimo prawnych ogranicze\u0144, w 1906 roku wyjecha\u0142 do Petersburga, by studiowa\u0107 malarstwo najpierw w Szkole Carskiego Towarzystwa Upowszechniania Sztuki, a potem u Jelizawiety Zwancewej.<\/p>\n\n\n\n<p>Chagall dorasta\u0142 w domu pozbawionym sztuki. Rodzina Chagall\u00f3w wyznawa\u0142a judaizm chasydzki, kt\u00f3ry zabrania jakiegokolwiek wizualnego przedstawiania dzie\u0142 Bo\u017cych. Kiedy Chagall w ko\u0144cu zacz\u0105\u0142 malowa\u0107 takie obrazy, spotka\u0142y si\u0119 one z ostr\u0105 krytyk\u0105 ze strony jego rodziny, do tego stopnia, \u017ce jego pobo\u017cny wujek odm\u00f3wi\u0142 podania mu r\u0119ki.<\/p>\n\n\n\n<figure class=\"wp-block-gallery has-nested-images columns-default is-cropped wp-block-gallery-1 is-layout-flex wp-block-gallery-is-layout-flex\"><\/figure>\n\n\n\n<p>Otrzymawszy stypendium, w 1910 roku wyjecha\u0142 do Pary\u017ca, gdzie zetkn\u0105\u0142 si\u0119 z \u00f3wczesn\u0105 awangard\u0105, mi\u0119dzy innymi z Apollinairem czy Fernandem Legerem. <br>W 1914 roku odby\u0142a si\u0119 jego pierwsza paryska indywidualna wystawa w popularnej w\u00f3wczas berli\u0144skiej galerii \u201eDer Sturm\u201d.<br>Mieszkaj\u0105c w Pary\u017cu, by\u0142 biedny:  jego dieta sk\u0142ada\u0142a si\u0119 z po\u0142owy \u015bledzia dziennie. Podobno malowa\u0142 nago, by nie musie\u0107 pra\u0107 jedynego ubrania.<\/p>\n\n\n\n<p>Malarz po kilku latach pobytu w Pary\u017cu wr\u00f3ci\u0142 do Rosji. Tam o\u017ceni\u0142 si\u0119 z Bell\u0105 Rosenfeld, a nied\u0142ugo potem przysz\u0142a na \u015bwiat c\u00f3rka Ida. Bella wspomina pierwsze spotkanie z Chagalem &#8211; jego oczy by\u0142y tak niebieskie, jakby spad\u0142y prosto z nieba. Bella pojawia si\u0119 na wielu obrazach Chagalla, a on cz\u0119sto przedstawia j\u0105 unosz\u0105c\u0105 si\u0119 w powietrzu, przeciwstawiaj\u0105c\u0105 si\u0119 grawitacji swoj\u0105 mi\u0142o\u015bci\u0105.<\/p>\n\n\n\n<figure class=\"wp-block-gallery has-nested-images columns-default is-cropped wp-block-gallery-2 is-layout-flex wp-block-gallery-is-layout-flex\">\n<figure class=\"wp-block-image size-large\"><img loading=\"lazy\" decoding=\"async\" width=\"857\" height=\"638\" data-id=\"3257\" src=\"https:\/\/kwintesencja.art\/wp-content\/uploads\/2022\/12\/unnamed.jpg\" alt=\"\" class=\"wp-image-3257\" srcset=\"https:\/\/kwintesencja.art\/wp-content\/uploads\/2022\/12\/unnamed.jpg 857w, https:\/\/kwintesencja.art\/wp-content\/uploads\/2022\/12\/unnamed-300x223.jpg 300w, https:\/\/kwintesencja.art\/wp-content\/uploads\/2022\/12\/unnamed-768x572.jpg 768w, https:\/\/kwintesencja.art\/wp-content\/uploads\/2022\/12\/unnamed-600x447.jpg 600w\" sizes=\"auto, (max-width: 857px) 100vw, 857px\" \/><figcaption class=\"wp-element-caption\">Zakochani nad miastem<\/figcaption><\/figure>\n\n\n\n<figure class=\"wp-block-image size-large\"><a href=\"https:\/\/kwintesencja.art\/product-tag\/chagall-marc\/\" target=\"_blank\" rel=\"noreferrer noopener\"><img loading=\"lazy\" decoding=\"async\" width=\"698\" height=\"732\" data-id=\"3258\" src=\"https:\/\/kwintesencja.art\/wp-content\/uploads\/2022\/12\/www.kwintesencja.art-Chagall_7b_Wesele.jpg\" alt=\"\" class=\"wp-image-3258\" srcset=\"https:\/\/kwintesencja.art\/wp-content\/uploads\/2022\/12\/www.kwintesencja.art-Chagall_7b_Wesele.jpg 698w, https:\/\/kwintesencja.art\/wp-content\/uploads\/2022\/12\/www.kwintesencja.art-Chagall_7b_Wesele-286x300.jpg 286w, https:\/\/kwintesencja.art\/wp-content\/uploads\/2022\/12\/www.kwintesencja.art-Chagall_7b_Wesele-600x629.jpg 600w\" sizes=\"auto, (max-width: 698px) 100vw, 698px\" \/><\/a><figcaption class=\"wp-element-caption\">Wesele<\/figcaption><\/figure>\n\n\n\n<figure class=\"wp-block-image size-large\"><img loading=\"lazy\" decoding=\"async\" width=\"644\" height=\"430\" data-id=\"3256\" src=\"https:\/\/kwintesencja.art\/wp-content\/uploads\/2022\/12\/Marc-Chagall-Nad-Witebskiem-1913.jpg\" alt=\"\" class=\"wp-image-3256\" srcset=\"https:\/\/kwintesencja.art\/wp-content\/uploads\/2022\/12\/Marc-Chagall-Nad-Witebskiem-1913.jpg 644w, https:\/\/kwintesencja.art\/wp-content\/uploads\/2022\/12\/Marc-Chagall-Nad-Witebskiem-1913-300x200.jpg 300w, https:\/\/kwintesencja.art\/wp-content\/uploads\/2022\/12\/Marc-Chagall-Nad-Witebskiem-1913-600x401.jpg 600w\" sizes=\"auto, (max-width: 644px) 100vw, 644px\" \/><figcaption class=\"wp-element-caption\">Nad Witebskiem, 1913<\/figcaption><\/figure>\n<\/figure>\n\n\n\n<blockquote class=\"wp-block-quote is-layout-flow wp-block-quote-is-layout-flow\">\n<p><strong>\u201eGleb\u0105, kt\u00f3ra \u017cywi\u0142a korzenie mojej sztuki, by\u0142 zawsze Witebsk\u201d.<\/strong><\/p>\n<\/blockquote>\n\n\n\n<p>Chagall stara\u0142 si\u0119 uchwyci\u0107 sam\u0105 esencj\u0119 \u017cycia ch\u0142opa i dusz\u0119 swojego domu, twierdz\u0105c, \u017ce miasto ma kapry\u015bn\u0105 obecno\u015b\u0107 i istnieje g\u0142\u00f3wnie w jego duszy i snach. Krowy, stodo\u0142y, kury, konie, pracuj\u0105ce kobiety i ta\u0144cz\u0105cy skrzypkowie wype\u0142niaj\u0105 jego dzie\u0142a, oddaj\u0105c ducha ch\u0142opskiego \u017cycia.<\/p>\n\n\n\n<figure class=\"wp-block-gallery has-nested-images columns-default is-cropped wp-block-gallery-3 is-layout-flex wp-block-gallery-is-layout-flex\">\n<figure class=\"wp-block-image size-large\"><img loading=\"lazy\" decoding=\"async\" width=\"644\" height=\"431\" data-id=\"3261\" src=\"https:\/\/kwintesencja.art\/wp-content\/uploads\/2022\/12\/Marc-Chagall-Ja-i-wies-1911.jpg\" alt=\"\" class=\"wp-image-3261\" srcset=\"https:\/\/kwintesencja.art\/wp-content\/uploads\/2022\/12\/Marc-Chagall-Ja-i-wies-1911.jpg 644w, https:\/\/kwintesencja.art\/wp-content\/uploads\/2022\/12\/Marc-Chagall-Ja-i-wies-1911-300x201.jpg 300w, https:\/\/kwintesencja.art\/wp-content\/uploads\/2022\/12\/Marc-Chagall-Ja-i-wies-1911-600x402.jpg 600w\" sizes=\"auto, (max-width: 644px) 100vw, 644px\" \/><figcaption class=\"wp-element-caption\">Ja i wie\u015b<\/figcaption><\/figure>\n\n\n\n<figure class=\"wp-block-image size-large\"><img loading=\"lazy\" decoding=\"async\" width=\"644\" height=\"430\" data-id=\"3259\" src=\"https:\/\/kwintesencja.art\/wp-content\/uploads\/2022\/12\/Marc-Chagall-w-swoim-atelier.jpg\" alt=\"\" class=\"wp-image-3259\" srcset=\"https:\/\/kwintesencja.art\/wp-content\/uploads\/2022\/12\/Marc-Chagall-w-swoim-atelier.jpg 644w, https:\/\/kwintesencja.art\/wp-content\/uploads\/2022\/12\/Marc-Chagall-w-swoim-atelier-300x200.jpg 300w, https:\/\/kwintesencja.art\/wp-content\/uploads\/2022\/12\/Marc-Chagall-w-swoim-atelier-600x401.jpg 600w\" sizes=\"auto, (max-width: 644px) 100vw, 644px\" \/><figcaption class=\"wp-element-caption\">Chagall w pracowni<\/figcaption><\/figure>\n\n\n\n<figure class=\"wp-block-image size-large\"><img loading=\"lazy\" decoding=\"async\" width=\"644\" height=\"431\" data-id=\"3260\" src=\"https:\/\/kwintesencja.art\/wp-content\/uploads\/2022\/12\/Marc-Chagall-Zielony-osiol-1911.jpg\" alt=\"\" class=\"wp-image-3260\" srcset=\"https:\/\/kwintesencja.art\/wp-content\/uploads\/2022\/12\/Marc-Chagall-Zielony-osiol-1911.jpg 644w, https:\/\/kwintesencja.art\/wp-content\/uploads\/2022\/12\/Marc-Chagall-Zielony-osiol-1911-300x201.jpg 300w, https:\/\/kwintesencja.art\/wp-content\/uploads\/2022\/12\/Marc-Chagall-Zielony-osiol-1911-600x402.jpg 600w\" sizes=\"auto, (max-width: 644px) 100vw, 644px\" \/><figcaption class=\"wp-element-caption\">Zielony osio\u0142<\/figcaption><\/figure>\n<\/figure>\n\n\n\n<p>Rewolucja bolszewicka pocz\u0105tkowo sprzyja\u0142a karierze Chagalla, zosta\u0142 komisarzem sztuk pi\u0119knych w okr\u0119gu witebskim oraz za\u0142o\u017cy\u0142 Akademi\u0119 Sztuk Pi\u0119knych. Szybko jednak okaza\u0142o si\u0119, \u017ce ideologia komunistyczna stanowi powa\u017cne ograniczenie dla wolno\u015bci artystycznej, dlatego w 1922 roku Chagall ostatecznie opu\u015bci\u0142 Rosj\u0119. Osiedli\u0142 si\u0119 we Francji, gdzie uzyska\u0142 obywatelstwo.<br><br>Po wybuchu II wojny \u015bwiatowej i zaj\u0119ciu Francji przez hitlerowskie Niemcy w 1941 roku uda\u0142o si\u0119 malarzowi uciec do Stan\u00f3w Zjednoczonych. Jego azyl w Ameryce zorganizowa\u0142 dyrektor MoMA Alfred H. Barr Jr., kt\u00f3ry osobi\u015bcie za\u0142atwi\u0142 umieszczenie nazwiska Chagalla na li\u015bcie artyst\u00f3w uciekaj\u0105cych przed nazistowskimi prze\u015bladowaniami w Europie. Tam z du\u017cym sukcesem sprawdzi\u0142 si\u0119 jako projektant scenografii i kostium\u00f3w do spektakli operowych. <br>W okresie II wojny \u015bwiatowej jego jasny i optymistyczny styl ust\u0105pi\u0142 miejsca nastrojowi smutku i melancholii.<\/p>\n\n\n\n<figure class=\"wp-block-gallery has-nested-images columns-default is-cropped wp-block-gallery-4 is-layout-flex wp-block-gallery-is-layout-flex\">\n<figure class=\"wp-block-image size-large\"><img loading=\"lazy\" decoding=\"async\" width=\"850\" height=\"666\" data-id=\"3263\" src=\"https:\/\/kwintesencja.art\/wp-content\/uploads\/2022\/12\/Marc_Chagall_-_The_Falling_Angel.jpg\" alt=\"\" class=\"wp-image-3263\" srcset=\"https:\/\/kwintesencja.art\/wp-content\/uploads\/2022\/12\/Marc_Chagall_-_The_Falling_Angel.jpg 850w, https:\/\/kwintesencja.art\/wp-content\/uploads\/2022\/12\/Marc_Chagall_-_The_Falling_Angel-300x235.jpg 300w, https:\/\/kwintesencja.art\/wp-content\/uploads\/2022\/12\/Marc_Chagall_-_The_Falling_Angel-768x602.jpg 768w, https:\/\/kwintesencja.art\/wp-content\/uploads\/2022\/12\/Marc_Chagall_-_The_Falling_Angel-600x470.jpg 600w\" sizes=\"auto, (max-width: 850px) 100vw, 850px\" \/><figcaption class=\"wp-element-caption\">Upad\u0142y Anio\u0142<\/figcaption><\/figure>\n\n\n\n<figure class=\"wp-block-image size-large\"><img loading=\"lazy\" decoding=\"async\" width=\"733\" height=\"1024\" data-id=\"3265\" src=\"https:\/\/kwintesencja.art\/wp-content\/uploads\/2022\/12\/Chagall_Christ_in_the_Night-733x1024.jpg\" alt=\"\" class=\"wp-image-3265\" srcset=\"https:\/\/kwintesencja.art\/wp-content\/uploads\/2022\/12\/Chagall_Christ_in_the_Night-733x1024.jpg 733w, https:\/\/kwintesencja.art\/wp-content\/uploads\/2022\/12\/Chagall_Christ_in_the_Night-215x300.jpg 215w, https:\/\/kwintesencja.art\/wp-content\/uploads\/2022\/12\/Chagall_Christ_in_the_Night-768x1073.jpg 768w, https:\/\/kwintesencja.art\/wp-content\/uploads\/2022\/12\/Chagall_Christ_in_the_Night-600x838.jpg 600w, https:\/\/kwintesencja.art\/wp-content\/uploads\/2022\/12\/Chagall_Christ_in_the_Night.jpg 859w\" sizes=\"auto, (max-width: 733px) 100vw, 733px\" \/><figcaption class=\"wp-element-caption\">Chrystus w nocy<\/figcaption><\/figure>\n\n\n\n<figure class=\"wp-block-image size-large\"><img loading=\"lazy\" decoding=\"async\" width=\"748\" height=\"530\" data-id=\"3264\" src=\"https:\/\/kwintesencja.art\/wp-content\/uploads\/2022\/12\/war-1964.jpg\" alt=\"\" class=\"wp-image-3264\" srcset=\"https:\/\/kwintesencja.art\/wp-content\/uploads\/2022\/12\/war-1964.jpg 748w, https:\/\/kwintesencja.art\/wp-content\/uploads\/2022\/12\/war-1964-300x213.jpg 300w, https:\/\/kwintesencja.art\/wp-content\/uploads\/2022\/12\/war-1964-600x425.jpg 600w\" sizes=\"auto, (max-width: 748px) 100vw, 748px\" \/><figcaption class=\"wp-element-caption\">Wojna<\/figcaption><\/figure>\n<\/figure>\n\n\n\n<p>Do Francji powr\u00f3ci\u0142 w 1948 roku. Najpierw osiedli\u0142 si\u0119 w Pary\u017cu, a nast\u0119pnie kupi\u0142 dom w Vence (na po\u0142udniu Francji, niedaleko Nicei).<br>Po \u015bmierci \u017cony Belli, Chagall zwi\u0105za\u0142 si\u0119 z gospodyni\u0105 Virgini\u0105 Haggard McNeil. Z tego zwi\u0105zku przyszed\u0142 na \u015bwiat syn David. Po kilku latach Virginia zostawi\u0142a Chagalla dla innego artysty fotografa. <br>W 1952 roku artysta o\u017ceni\u0142 si\u0119 po raz trzeci \u2013 z Valentine Brodsky.<\/p>\n\n\n\n<p>W okresie sp\u0119dzonym na Po\u0142udniu Francji powstaj\u0105 dzie\u0142a, charakterystyczne dla stylu Chagalla. Artysta przyjmuje zlecenia z ro\u017cnych cz\u0119\u015bci Francji, ale te\u017c \u015bwiata. W\u00f3wczas powstaj\u0105 s\u0142ynne witra\u017ce w Metz, Reims, a tak\u017ce w Jerozolimie, czy w Nowym Jorku. W Operze Paryskiej tworzy s\u0142ynne freski, a tak\u017ce w Operze w Nowym Jorku.<\/p>\n\n\n\n<figure class=\"wp-block-gallery has-nested-images columns-default is-cropped wp-block-gallery-5 is-layout-flex wp-block-gallery-is-layout-flex\"><\/figure>\n\n\n\n<p>Bardzo niewielu artystom uda\u0142o si\u0119 za \u017cycia wystawia\u0107 w Luwrze; Georges Braque by\u0142 pierwszym ze swoim dzie\u0142em Martwa natura z harf\u0105 i skrzypcami. Chagall, wraz z innymi artystami, Salvadorem Dali, Pablo Picasso i Edgarem Degasem, rozpocz\u0105\u0142 swoj\u0105 artystyczn\u0105 podr\u00f3\u017c od kopiowania dzie\u0142 dawnych mistrz\u00f3w w\u0142a\u015bnie w Luwrze.<br>W 1973 powsta\u0142o muzeum Chagalla w Nicei.<br>Artysta zmar\u0142 w 1985 roku we Francji, w Saint-Paul-de-Vence, do\u017cywaj\u0105c 98 lat. Chagall by\u0142 s\u0142ynnym malarzem, grafikiem, rze\u017abiarzem i ceramikiem. W jego tw\u00f3rczo\u015bci wida\u0107 wyra\u017ane wp\u0142ywy \u015brodowiska, w kt\u00f3rym si\u0119 wychowa\u0142 &#8211; tradycji chasydzkich \u017byd\u00f3w.<\/p>\n\n\n\n<figure class=\"wp-block-gallery has-nested-images columns-default is-cropped wp-block-gallery-6 is-layout-flex wp-block-gallery-is-layout-flex\">\n<figure class=\"wp-block-image size-large\"><a href=\"https:\/\/kwintesencja.art\/product-tag\/chagall-marc\/\" target=\"_blank\" rel=\"noreferrer noopener\"><img loading=\"lazy\" decoding=\"async\" width=\"721\" height=\"930\" data-id=\"3269\" src=\"https:\/\/kwintesencja.art\/wp-content\/uploads\/2022\/12\/www.kwintesencja.art-Chagall_4b.png\" alt=\"\" class=\"wp-image-3269\" srcset=\"https:\/\/kwintesencja.art\/wp-content\/uploads\/2022\/12\/www.kwintesencja.art-Chagall_4b.png 721w, https:\/\/kwintesencja.art\/wp-content\/uploads\/2022\/12\/www.kwintesencja.art-Chagall_4b-233x300.png 233w, https:\/\/kwintesencja.art\/wp-content\/uploads\/2022\/12\/www.kwintesencja.art-Chagall_4b-600x774.png 600w\" sizes=\"auto, (max-width: 721px) 100vw, 721px\" \/><\/a><figcaption class=\"wp-element-caption\">Brama cmentarna<\/figcaption><\/figure>\n\n\n\n<figure class=\"wp-block-image size-large\"><a href=\"https:\/\/kwintesencja.art\/product-tag\/chagall-marc\/\" target=\"_blank\" rel=\"noreferrer noopener\"><img loading=\"lazy\" decoding=\"async\" width=\"768\" height=\"970\" data-id=\"3270\" src=\"https:\/\/kwintesencja.art\/wp-content\/uploads\/2022\/12\/www.kwintesencja.art-Chagall_5B.jpg\" alt=\"\" class=\"wp-image-3270\" srcset=\"https:\/\/kwintesencja.art\/wp-content\/uploads\/2022\/12\/www.kwintesencja.art-Chagall_5B.jpg 768w, https:\/\/kwintesencja.art\/wp-content\/uploads\/2022\/12\/www.kwintesencja.art-Chagall_5B-238x300.jpg 238w, https:\/\/kwintesencja.art\/wp-content\/uploads\/2022\/12\/www.kwintesencja.art-Chagall_5B-600x758.jpg 600w\" sizes=\"auto, (max-width: 768px) 100vw, 768px\" \/><\/a><figcaption class=\"wp-element-caption\">Miriam<\/figcaption><\/figure>\n\n\n\n<figure class=\"wp-block-image size-large\"><a href=\"https:\/\/kwintesencja.art\/product-tag\/chagall-marc\/\" target=\"_blank\" rel=\"noreferrer noopener\"><img loading=\"lazy\" decoding=\"async\" width=\"644\" height=\"1019\" data-id=\"3271\" src=\"https:\/\/kwintesencja.art\/wp-content\/uploads\/2022\/12\/www.kwintesencja.art-Chagall_6b.jpg\" alt=\"\" class=\"wp-image-3271\" srcset=\"https:\/\/kwintesencja.art\/wp-content\/uploads\/2022\/12\/www.kwintesencja.art-Chagall_6b.jpg 644w, https:\/\/kwintesencja.art\/wp-content\/uploads\/2022\/12\/www.kwintesencja.art-Chagall_6b-190x300.jpg 190w, https:\/\/kwintesencja.art\/wp-content\/uploads\/2022\/12\/www.kwintesencja.art-Chagall_6b-600x949.jpg 600w\" sizes=\"auto, (max-width: 644px) 100vw, 644px\" \/><\/a><figcaption class=\"wp-element-caption\">Malarz i kogut<\/figcaption><\/figure>\n<\/figure>\n\n\n\n<p><\/p>\n\n\n\n<p>Stylistyka jego prac znajduje si\u0119 na pograniczu ekspresjonizmu, surrealizmu i symbolizmu. Wida\u0107 u Chagalla r\u00f3wnie\u017c wp\u0142ywy kubizmu. Dominuj\u0105c\u0105 kolorystyk\u0119 obraz\u00f3w stanowi\u0105 b\u0142\u0119kity, zielenie i czerwienie. Malarz operowa\u0142 delikatn\u0105, falist\u0105 lini\u0105, oddaj\u0105c\u0105 nierealne kszta\u0142ty fantastycznych stworze\u0144. Tworzy\u0142 \u015bwiaty z pogranicza snu i jawy, pe\u0142ne kolor\u00f3w i magii.<\/p>\n\n\n\n<p>Chagall stworzy\u0142 r\u00f3wnie\u017c wspania\u0142e grafiki (np. ilustracje do bajek La Fontaine\u2019a i Starego Testamentu), witra\u017ce w katedrze Metzu, plafon w operze paryskiej, dekoracje ceramiczne w ko\u015bciele w Assy itp.<br><br>W 2017 roku praca Chagalla, Les Amoureux (Kochankowie), zosta\u0142a sprzedana za osza\u0142amiaj\u0105c\u0105 kwot\u0119 28,5 miliona dolar\u00f3w w nowojorskim Sotheby&#8217;s. Sotheby&#8217;s twierdzi\u0142, \u017ce obraz zawiera w sobie dwie najwi\u0119ksze pasje Chagalla; Bella i Pary\u017c.<\/p>\n\n\n\n<figure class=\"wp-block-image size-full is-resized\"><a href=\"https:\/\/kwintesencja.art\/product-tag\/chagall-marc\/\" target=\"_blank\" rel=\"noreferrer noopener\"><img loading=\"lazy\" decoding=\"async\" width=\"726\" height=\"960\" src=\"https:\/\/kwintesencja.art\/wp-content\/uploads\/2022\/12\/www.kwintesencja.art-Chagall_Kochankowie.jpg\" alt=\"\" class=\"wp-image-3273\" style=\"width:1450px;height:1917px\" srcset=\"https:\/\/kwintesencja.art\/wp-content\/uploads\/2022\/12\/www.kwintesencja.art-Chagall_Kochankowie.jpg 726w, https:\/\/kwintesencja.art\/wp-content\/uploads\/2022\/12\/www.kwintesencja.art-Chagall_Kochankowie-227x300.jpg 227w, https:\/\/kwintesencja.art\/wp-content\/uploads\/2022\/12\/www.kwintesencja.art-Chagall_Kochankowie-600x793.jpg 600w\" sizes=\"auto, (max-width: 726px) 100vw, 726px\" \/><\/a><figcaption class=\"wp-element-caption\">Marc Chagall, Les Amoureux , 1928<\/figcaption><\/figure>\n\n\n\n<p><strong>Do\u0142\u0105cz do&nbsp;FB, aby \u015bledzi\u0107 ciekawostki z&nbsp;\u017cycia artyst\u00f3w<\/strong> \u2013 <a href=\"https:\/\/www.facebook.com\/kwintesencja.art\/\" target=\"_blank\" rel=\"noreferrer noopener\">LINK DO&nbsp;FACEBOOKA<\/a><br><strong>Zobacz prace artyst\u00f3w w&nbsp;Galerii Sztuki Quintessence<\/strong> (<strong>C-Chagall) <\/strong>\u2013 <a href=\"https:\/\/kwintesencja.art\/artysci\/\" target=\"_blank\" rel=\"noreferrer noopener\">LINK DO&nbsp;GALERII<\/a><br><strong>Wzboga\u0107 swoje wn\u0119trze, zainwestuj w&nbsp;sztuk\u0119<\/strong> \u2013 <a href=\"https:\/\/onebid.pl\/pl\/auction\/-\/4439\" target=\"_blank\" rel=\"noopener\">LINK DO&nbsp;AUKCJI<\/a><\/p>\n","protected":false},"excerpt":{"rendered":"<p>Postaci na jego obrazach cz\u0119sto lewituj\u0105 w powietrzu, niejako poszukuj\u0105c dla siebie nowego, lepszego \u015bwiata.<\/p>\n<p>.<\/p>\n","protected":false},"author":2,"featured_media":3279,"comment_status":"open","ping_status":"open","sticky":false,"template":"","format":"standard","meta":{"_monsterinsights_skip_tracking":false,"_monsterinsights_sitenote_active":false,"_monsterinsights_sitenote_note":"","_monsterinsights_sitenote_category":0,"_themeisle_gutenberg_block_has_review":false,"footnotes":""},"categories":[17],"tags":[118,204,203,103,205],"class_list":["post-3247","post","type-post","status-publish","format-standard","has-post-thumbnail","hentry","category-malarstwo","tag-malrstwo","tag-paryz","tag-romantyzm","tag-sztuka","tag-witebsk"],"aioseo_notices":[],"_links":{"self":[{"href":"https:\/\/kwintesencja.art\/pl\/wp-json\/wp\/v2\/posts\/3247","targetHints":{"allow":["GET"]}}],"collection":[{"href":"https:\/\/kwintesencja.art\/pl\/wp-json\/wp\/v2\/posts"}],"about":[{"href":"https:\/\/kwintesencja.art\/pl\/wp-json\/wp\/v2\/types\/post"}],"author":[{"embeddable":true,"href":"https:\/\/kwintesencja.art\/pl\/wp-json\/wp\/v2\/users\/2"}],"replies":[{"embeddable":true,"href":"https:\/\/kwintesencja.art\/pl\/wp-json\/wp\/v2\/comments?post=3247"}],"version-history":[{"count":15,"href":"https:\/\/kwintesencja.art\/pl\/wp-json\/wp\/v2\/posts\/3247\/revisions"}],"predecessor-version":[{"id":5603,"href":"https:\/\/kwintesencja.art\/pl\/wp-json\/wp\/v2\/posts\/3247\/revisions\/5603"}],"wp:featuredmedia":[{"embeddable":true,"href":"https:\/\/kwintesencja.art\/pl\/wp-json\/wp\/v2\/media\/3279"}],"wp:attachment":[{"href":"https:\/\/kwintesencja.art\/pl\/wp-json\/wp\/v2\/media?parent=3247"}],"wp:term":[{"taxonomy":"category","embeddable":true,"href":"https:\/\/kwintesencja.art\/pl\/wp-json\/wp\/v2\/categories?post=3247"},{"taxonomy":"post_tag","embeddable":true,"href":"https:\/\/kwintesencja.art\/pl\/wp-json\/wp\/v2\/tags?post=3247"}],"curies":[{"name":"wp","href":"https:\/\/api.w.org\/{rel}","templated":true}]}}