{"id":3172,"date":"2022-11-23T13:22:27","date_gmt":"2022-11-23T12:22:27","guid":{"rendered":"https:\/\/kwintesencja.art\/?p=3172"},"modified":"2024-01-10T10:15:31","modified_gmt":"2024-01-10T09:15:31","slug":"nie-jestem-prawdziwa-osoba-jestem-legenda","status":"publish","type":"post","link":"https:\/\/kwintesencja.art\/pl\/2022\/11\/23\/nie-jestem-prawdziwa-osoba-jestem-legenda\/","title":{"rendered":"Nie jestem prawdziw\u0105 osob\u0105. Jestem legend\u0105."},"content":{"rendered":"\n<p>By\u0142 jednym z prekursor\u00f3w nowojorskiej sceny graffiti, przedstawicielem neoekspresjonizmu i niezwykle wra\u017cliwym oraz wszechstronnym artyst\u0105.<br>Jego prace zdobi\u0105 dzisiaj kolekcje najbardziej presti\u017cowych muze\u00f3w na ca\u0142ym \u015bwiecie i celebryt\u00f3w. Od jego \u015bmierci, na skutek przedawkowania heroiny min\u0119\u0142o 34 lata, a warto\u015b\u0107 jego prac stale ro\u015bnie. W maju 2017 roku sprzedano jego obraz \u201ebez tytu\u0142u&#8221; za 110,5 mln dolar\u00f3w.<\/p>\n\n\n\n<p>..\u201e<em>Nie pami\u0119tam dok\u0142adnie, czy spotka\u0142em Jean-Michela w galerii sztuki, czy w nocnym klubie.<br>Wygl\u0105da\u0142 jak gwiazda filmowa i od razu si\u0119 w nim zakocha\u0142am. W kieszeniach poplamionych farb\u0105 garnitur\u00f3w od Armaniego nosi\u0142 pogniecione pliki banknot\u00f3w. Czu\u0142 si\u0119 winny maj\u0105c tyle pieni\u0119dzy i zawsze je rozdawa\u0142 mniej szcz\u0119\u015bliwym przyjacio\u0142om.<br>Nosi\u0142 plakietk\u0119 ze swoim znakiem SAMO, kt\u00f3rej towarzyszy\u0142a ma\u0142a korona. By\u0142 jedn\u0105 z nielicznych os\u00f3b, kt\u00f3rym szczerze zazdro\u015bci\u0142am. Uwa\u017ca\u0142em go za geniusza. Ale on wcale nie by\u0142 zbyt pewny siebie. <\/em><br><em>Wszystkie dziewczyny za nim szala\u0142y. Wielu z nich z\u0142ama\u0142 serce. Pami\u0119tam, jak pewnej nocy wyjrza\u0142am przez okno i zobaczy\u0142am dziewczyn\u0119 pal\u0105c\u0105 jego obrazy w wielkim ognisku. Chcia\u0142em j\u0105 powstrzyma\u0107 i uratowa\u0107 prace, ale jemu to nie przeszkadza\u0142o, powiedzia\u0142, \u017ce taki ich los.<br>Wiele razy zrywa\u0142 si\u0119 w nocy i lunatykowa\u0142 do pustego obrazu. Sta\u0142 blisko p\u0142\u00f3tna i malowa\u0142 drobne postacie. To, jak tworzy\u0142, by\u0142o tak pi\u0119kne i porywaj\u0105ce, \u017ce sta\u0142em oniemia\u0142a i obserwowa\u0142em go z zachwytem.<br>Ale on w\u0105tpi\u0142 w sw\u00f3j talent i wci\u0105\u017c n\u0119ka\u0142a go niepewno\u015b\u0107. By\u0142 zazdrosny o moj\u0105 muzyk\u0119, twierdzi\u0142, \u017ce jest bardziej przyst\u0119pna i dociera do wi\u0119kszej liczby os\u00f3b.<br>Kiedy z nim zerwa\u0142am, za\u017c\u0105da\u0142 zwrotu obraz\u00f3w, kt\u00f3re mi wcze\u015bniej podarowa\u0142. Nie dlatego, \u017ce uwa\u017ca\u0142, \u017ce na nie nie zas\u0142u\u017cy\u0142em, ale dlatego, \u017ce mia\u0142 obsesj\u0119 na punkcie tego, \u017ce je sprzedam.<br>Oczywi\u015bcie by\u0142em niech\u0119tna, ale w ko\u0144cu zgodzi\u0142em si\u0119. A on je wszystkie zamalowa\u0142 na czarno.<\/em><br><em>Pewnego dnia us\u0142ysza\u0142em, \u017ce Jean-Michel nie \u017cyje i nie by\u0142em tym zaskoczona. On by\u0142 po prostu zbyt delikatny dla tego \u015bwiata&#8221;&#8230;<br><\/em><br>Basquiat spotyka\u0142 si\u0119 z Madonn\u0105 w 1982 roku, kiedy ona by\u0142a jeszcze pocz\u0105tkuj\u0105c\u0105 artystk\u0105. <br><\/p>\n\n\n\n<p class=\"has-drop-cap\">Jean Michel Basquiat, urodzi\u0142 si\u0119 22 grudnia 1960 roku na Brooklynie. Jego ojciec Gerard urodzi\u0142 si\u0119 w Port Au Prince na Haiti, a jego matka Matilde w Nowym Jorku, ale pochodzi\u0142a z Puerto Rico.<br>W tym wielokulturowym domu m\u00f3wiono po hiszpa\u0144sku, francusku i angielsku.<br><br>Od najm\u0142odszych lat Jean Michel interesowa\u0142 sie sztuk\u0105 i by\u0142 zagorza\u0142ym fanem muze\u00f3w. W wieku sze\u015bciu lat zosta\u0142 m\u0142odszym cz\u0142onkiem Brooklyn Museum.<br><br>Kiedy mia\u0142 osiem lat, podczas zabawy na ulicy zosta\u0142 potr\u0105cony przez samoch\u00f3d i dozna\u0142 z\u0142amania r\u0119ki oraz powa\u017cnych obra\u017ce\u0144 wewn\u0119trznych. Jego matka przynios\u0142a mu wtedy do szpitala kopi\u0119 podr\u0119cznika medycznego Gray&#8217;s Anatomy. Szczeg\u00f3\u0142owe rysunki anatomiczne tam zawarte zainspirowa\u0142y m\u0142odego artyst\u0119. Wiele lat p\u00f3\u017aniej Basquiat nazwa\u0142 sw\u00f3j zesp\u00f3\u0142 graj\u0105cy muzyk\u0119 industrialn\u0105 &#8211; Gray.<br><br>W wieku 17 lat Basquiat porzuci\u0142 szko\u0142\u0119 \u015bredni\u0105, za co ojciec wyrzuci\u0142 go z domu. W tym czasie mieszka\u0142 z przyjaci\u00f3\u0142mi w pustostanie, \u017cebra\u0142 na ulicy lub sprzedawa\u0142 bluzy i poczt\u00f3wki ze swoimi rysunkami. Jego dieta sk\u0142ada\u0142a si\u0119 g\u0142\u00f3wnie z obfitych ilo\u015bci taniego czerwonego wina i torebek Cheetos\u00f3w za 15 cent\u00f3w.<br><br>\u017bycie na ulicy z pewno\u015bci\u0105 wp\u0142yn\u0119\u0142o na jego zainteresowanie graffiti. Jean-Michel wraz z koleg\u0105 ze szko\u0142y &#8211; Al Diaz\u2019em zacz\u0119li malowa\u0107 graffiti na budynkach na Dolnym Manhattanie, podpisuj\u0105c prace pseudonimem <strong>SAMO (skr\u00f3t od \u201eto samo stare g\u00f3wno\u201d)<\/strong>. To mia\u0142o by\u0107 logo jak Pepsi. Wypisywali poetyckie i satyryczne has\u0142a reklamowe, takie jak \u201eSAMO \u00a9 JAKO ALTERNATYWA DLA BOGA\u201d.<br>\u201eSAMO\u201d by\u0142o widoczne w ca\u0142ym Brooklynie i dolnym Manhattanie od 1977 roku, a fina\u0142 ich wsp\u00f3\u0142pracy nast\u0105pi\u0142 w 1980 roku, wraz z napisami \u201eSAMO nie \u017cyje\u201d.<\/p>\n\n\n\n<figure class=\"wp-block-gallery has-nested-images columns-default is-cropped wp-block-gallery-1 is-layout-flex wp-block-gallery-is-layout-flex\">\n<figure class=\"wp-block-image size-full\"><img loading=\"lazy\" decoding=\"async\" width=\"657\" height=\"510\" data-id=\"3195\" src=\"https:\/\/kwintesencja.art\/wp-content\/uploads\/2022\/11\/9388479_orig.jpg\" alt=\"\" class=\"wp-image-3195\" srcset=\"https:\/\/kwintesencja.art\/wp-content\/uploads\/2022\/11\/9388479_orig.jpg 657w, https:\/\/kwintesencja.art\/wp-content\/uploads\/2022\/11\/9388479_orig-300x233.jpg 300w, https:\/\/kwintesencja.art\/wp-content\/uploads\/2022\/11\/9388479_orig-600x466.jpg 600w\" sizes=\"auto, (max-width: 657px) 100vw, 657px\" \/><\/figure>\n\n\n\n<figure class=\"wp-block-image size-large\"><img loading=\"lazy\" decoding=\"async\" width=\"1024\" height=\"683\" data-id=\"3178\" src=\"https:\/\/kwintesencja.art\/wp-content\/uploads\/2022\/11\/SAMO\u00a9-is-dead-\u2013-private-parking-1024x683.jpeg\" alt=\"\" class=\"wp-image-3178\" srcset=\"https:\/\/kwintesencja.art\/wp-content\/uploads\/2022\/11\/SAMO\u00a9-is-dead-\u2013-private-parking-1024x683.jpeg 1024w, https:\/\/kwintesencja.art\/wp-content\/uploads\/2022\/11\/SAMO\u00a9-is-dead-\u2013-private-parking-300x200.jpeg 300w, https:\/\/kwintesencja.art\/wp-content\/uploads\/2022\/11\/SAMO\u00a9-is-dead-\u2013-private-parking-768x512.jpeg 768w, https:\/\/kwintesencja.art\/wp-content\/uploads\/2022\/11\/SAMO\u00a9-is-dead-\u2013-private-parking-600x400.jpeg 600w, https:\/\/kwintesencja.art\/wp-content\/uploads\/2022\/11\/SAMO\u00a9-is-dead-\u2013-private-parking.jpeg 1200w\" sizes=\"auto, (max-width: 1024px) 100vw, 1024px\" \/><\/figure>\n<\/figure>\n\n\n\n<p>W 1980 roku Jean Michel pojawi\u0142 si\u0119 w teledysku Blondie, do utworu \u201eRapture\u201d. Wokalistka Debbie Harry zakupi\u0142a wtedy pierwszy obraz Basquiata za 200 dolar\u00f3w.<br><\/p>\n\n\n\n<figure class=\"wp-block-embed is-type-video is-provider-youtube wp-block-embed-youtube wp-embed-aspect-16-9 wp-has-aspect-ratio\"><div class=\"wp-block-embed__wrapper\">\n<iframe loading=\"lazy\" title=\"Blondie - Rapture (Official Music Video)\" width=\"640\" height=\"360\" src=\"https:\/\/www.youtube.com\/embed\/pHCdS7O248g?feature=oembed\" frameborder=\"0\" allow=\"accelerometer; autoplay; clipboard-write; encrypted-media; gyroscope; picture-in-picture; web-share\" referrerpolicy=\"strict-origin-when-cross-origin\" allowfullscreen><\/iframe>\n<\/div><\/figure>\n\n\n\n<p>Tego samego roku odby\u0142a si\u0119 te\u017c wa\u017cna wystawa w DIY Times Square, kt\u00f3ra pomog\u0142a Basquiatowi nabra\u0107 rozp\u0119du w jego karierze. W opuszczonym salonie masa\u017cu przy 7th Avenue, jego prace by\u0142y prezentowane obok takich artyst\u00f3w jak Keith Haring, Kiki Smith, Jenny Holzer i Kenny Scharf.<\/p>\n\n\n\n<figure class=\"wp-block-gallery has-nested-images columns-default is-cropped wp-block-gallery-2 is-layout-flex wp-block-gallery-is-layout-flex\"><\/figure>\n\n\n\n<p>Dwa lata p\u00f3\u017aniej, w 1982 roku zosta\u0142 najm\u0142odszym artyst\u0105, kt\u00f3ry pokaza\u0142 swoje prace (oko\u0142o 60 obraz\u00f3w) na wystawie Documenta w Kassel w Niemczech, gdzie jego obrazy zosta\u0142y przyj\u0119te z uznaniem. W tym samym roku do\u0142\u0105czy\u0142 do galerii Annina Nosei, gdzie wyprodukowa\u0142 swoj\u0105 pierwsz\u0105 indywidualn\u0105 wystaw\u0119 w Ameryce<\/p>\n\n\n\n<p class=\"has-drop-cap\">Basquiat pocz\u0105tkowo uprawia\u0142 graffiti, a p\u00f3\u017aniej zaj\u0105\u0142 si\u0119 malarstwem. By\u0142 przedstawicielem nowego ekspresjonizmu. W swoich obrazach \u0142\u0105czy\u0142 wp\u0142ywy prymitywnej sztuki afryka\u0144skiej i wsp\u00f3\u0142czesnej \u201esztuki ulicy\u201d, napis\u00f3w, element\u00f3w komiksu oraz archetyp\u00f3w kultury.<br>W swoich kompozycjach Basquiat przedstawia\u0142 czarnosk\u00f3rych bohater\u00f3w &#8211; nieobecnych jak zauwa\u017cy\u0142 w \u015bwiecie sztuki &#8211; w tym tak\u017ce tych, kt\u00f3rych sam podziwia\u0142: boksera Muhammada Alego, bejsbolist\u0119 Hanka Aarona czy jazzmana Charliego Parkera. Przede wszystkim jednak podejmowa\u0142 tematy zwi\u0105zane z nier\u00f3wno\u015bciami spo\u0142ecznymi, rasizmem, przemoc\u0105 i szeroko poj\u0119t\u0105 dyskryminacj\u0105 Afroamerykan\u00f3w. Tak powsta\u0142 m.in. obraz \u201eDeath of Michael Stewart\u201d z 1983 r. ukazuj\u0105cy bia\u0142ych policjant\u00f3w linczuj\u0105cych czarn\u0105 posta\u0107. R\u00f3wnie cz\u0119stym motywem powracaj\u0105cym w tw\u00f3rczo\u015bci artysty by\u0142a krytyka imperializmu, polityki kolonialnej oraz konsumeryzmu.<\/p>\n\n\n\n<figure class=\"wp-block-gallery has-nested-images columns-default is-cropped wp-block-gallery-3 is-layout-flex wp-block-gallery-is-layout-flex\">\n<figure class=\"wp-block-image size-large\"><img loading=\"lazy\" decoding=\"async\" width=\"1024\" height=\"781\" data-id=\"3185\" src=\"https:\/\/kwintesencja.art\/wp-content\/uploads\/2022\/11\/www.kwintesencja.art-Basquiat_2-1-1024x781.jpg\" alt=\"\" class=\"wp-image-3185\" srcset=\"https:\/\/kwintesencja.art\/wp-content\/uploads\/2022\/11\/www.kwintesencja.art-Basquiat_2-1-1024x781.jpg 1024w, https:\/\/kwintesencja.art\/wp-content\/uploads\/2022\/11\/www.kwintesencja.art-Basquiat_2-1-300x229.jpg 300w, https:\/\/kwintesencja.art\/wp-content\/uploads\/2022\/11\/www.kwintesencja.art-Basquiat_2-1-768x586.jpg 768w, https:\/\/kwintesencja.art\/wp-content\/uploads\/2022\/11\/www.kwintesencja.art-Basquiat_2-1-1536x1171.jpg 1536w, https:\/\/kwintesencja.art\/wp-content\/uploads\/2022\/11\/www.kwintesencja.art-Basquiat_2-1-600x458.jpg 600w, https:\/\/kwintesencja.art\/wp-content\/uploads\/2022\/11\/www.kwintesencja.art-Basquiat_2-1.jpg 1600w\" sizes=\"auto, (max-width: 1024px) 100vw, 1024px\" \/><figcaption class=\"wp-element-caption\">Police<\/figcaption><\/figure>\n\n\n\n<figure class=\"wp-block-image size-large\"><img loading=\"lazy\" decoding=\"async\" width=\"1024\" height=\"1010\" data-id=\"3186\" src=\"https:\/\/kwintesencja.art\/wp-content\/uploads\/2022\/11\/www.kwintesencja.art-Basquiat_7-1-1024x1010.jpg\" alt=\"\" class=\"wp-image-3186\" srcset=\"https:\/\/kwintesencja.art\/wp-content\/uploads\/2022\/11\/www.kwintesencja.art-Basquiat_7-1-1024x1010.jpg 1024w, https:\/\/kwintesencja.art\/wp-content\/uploads\/2022\/11\/www.kwintesencja.art-Basquiat_7-1-300x296.jpg 300w, https:\/\/kwintesencja.art\/wp-content\/uploads\/2022\/11\/www.kwintesencja.art-Basquiat_7-1-768x757.jpg 768w, https:\/\/kwintesencja.art\/wp-content\/uploads\/2022\/11\/www.kwintesencja.art-Basquiat_7-1-1536x1515.jpg 1536w, https:\/\/kwintesencja.art\/wp-content\/uploads\/2022\/11\/www.kwintesencja.art-Basquiat_7-1-600x592.jpg 600w, https:\/\/kwintesencja.art\/wp-content\/uploads\/2022\/11\/www.kwintesencja.art-Basquiat_7-1-100x100.jpg 100w, https:\/\/kwintesencja.art\/wp-content\/uploads\/2022\/11\/www.kwintesencja.art-Basquiat_7-1.jpg 1600w\" sizes=\"auto, (max-width: 1024px) 100vw, 1024px\" \/><figcaption class=\"wp-element-caption\">Three Delegates<\/figcaption><\/figure>\n<\/figure>\n\n\n\n<p>W 1983 roku Basquiat wyda\u0142 p\u0142yt\u0119 rapow\u0105 z Rammellzee i K Robbem zatytu\u0142owan\u0105 \u201eBeat Bop&#8221;, do kt\u00f3rej zaprojektowa\u0142 tak\u017ce ok\u0142adk\u0119.<\/p>\n\n\n\n<p>W latach 1983-1985 Basquiat wsp\u00f3\u0142pracowa\u0142 z Andy Warholem. Obaj tworzyli wsp\u00f3lne prace: Basquiat nak\u0142ada\u0142y wirtuozowskie graffiti na jaskrawe popowe obrazy Warhola.<br>Stanowili dziwn\u0105 par\u0119, jak wspomina wspomina\u0142 Ronnie Cutrone &#8211; wieloletni asystent Warhol: <br>\u201e<strong>Jean-Michel potrzebowa\u0142 s\u0142awy Andy&#8217;ego, a Andy potrzebowa\u0142 \u201enowej krwi&#8221; Jean-Michel\u2019a<\/strong>\u201d.<\/p>\n\n\n\n<p>Swoje prace Basquiat sygnowa\u0142 koron\u0105. Ten symbol artysty s\u0142u\u017cy nie tylko jako ostentacyjny dodatek dla poddanych, ale jako rekwizyt noszony szczeg\u00f3lnie przez czarne postacie w jego pracach. Ta charakterystyczna korona stara si\u0119 przeciwstawi\u0107 zachodniej kulturze i przewa\u017cnie bia\u0142emu \u015bwiatu sztuk wizualnych, przypisuj\u0105c kr\u00f3lewsko\u015b\u0107 pozbawionym praw autorskich kolorowym artystom. Przyjaciel Basquiata, Francesco Clemente, opisa\u0142 koron\u0119 Basquiat\u2019a jako:<br><strong>\u201eTrzy szczyty dla jego trzech kr\u00f3lewskich rod\u00f3w: poety, muzyka, wielkiego mistrza boksu\u201d<\/strong>.<\/p>\n\n\n\n<figure class=\"wp-block-gallery has-nested-images columns-default is-cropped wp-block-gallery-4 is-layout-flex wp-block-gallery-is-layout-flex\">\n<figure class=\"wp-block-image size-large\"><img loading=\"lazy\" decoding=\"async\" width=\"1024\" height=\"635\" data-id=\"3193\" src=\"https:\/\/kwintesencja.art\/wp-content\/uploads\/2022\/11\/www.kwintesencja.art_Do-not-Revenge_2-1-1024x635.jpg\" alt=\"\" class=\"wp-image-3193\" srcset=\"https:\/\/kwintesencja.art\/wp-content\/uploads\/2022\/11\/www.kwintesencja.art_Do-not-Revenge_2-1-1024x635.jpg 1024w, https:\/\/kwintesencja.art\/wp-content\/uploads\/2022\/11\/www.kwintesencja.art_Do-not-Revenge_2-1-300x186.jpg 300w, https:\/\/kwintesencja.art\/wp-content\/uploads\/2022\/11\/www.kwintesencja.art_Do-not-Revenge_2-1-768x476.jpg 768w, https:\/\/kwintesencja.art\/wp-content\/uploads\/2022\/11\/www.kwintesencja.art_Do-not-Revenge_2-1-1536x953.jpg 1536w, https:\/\/kwintesencja.art\/wp-content\/uploads\/2022\/11\/www.kwintesencja.art_Do-not-Revenge_2-1-600x372.jpg 600w, https:\/\/kwintesencja.art\/wp-content\/uploads\/2022\/11\/www.kwintesencja.art_Do-not-Revenge_2-1.jpg 1599w\" sizes=\"auto, (max-width: 1024px) 100vw, 1024px\" \/><\/figure>\n\n\n\n<figure class=\"wp-block-image size-large\"><img loading=\"lazy\" decoding=\"async\" width=\"647\" height=\"1024\" data-id=\"3188\" src=\"https:\/\/kwintesencja.art\/wp-content\/uploads\/2022\/11\/sothebys-com.brightspotcdn_3-647x1024.webp\" alt=\"\" class=\"wp-image-3188\" srcset=\"https:\/\/kwintesencja.art\/wp-content\/uploads\/2022\/11\/sothebys-com.brightspotcdn_3-647x1024.webp 647w, https:\/\/kwintesencja.art\/wp-content\/uploads\/2022\/11\/sothebys-com.brightspotcdn_3-189x300.webp 189w, https:\/\/kwintesencja.art\/wp-content\/uploads\/2022\/11\/sothebys-com.brightspotcdn_3-600x950.webp 600w, https:\/\/kwintesencja.art\/wp-content\/uploads\/2022\/11\/sothebys-com.brightspotcdn_3.webp 684w\" sizes=\"auto, (max-width: 647px) 100vw, 647px\" \/><\/figure>\n\n\n\n<figure class=\"wp-block-image size-large\"><img loading=\"lazy\" decoding=\"async\" width=\"684\" height=\"1024\" data-id=\"3191\" src=\"https:\/\/kwintesencja.art\/wp-content\/uploads\/2022\/11\/311827948_664615411958744_5683235725260963480_n-684x1024.jpg\" alt=\"\" class=\"wp-image-3191\" srcset=\"https:\/\/kwintesencja.art\/wp-content\/uploads\/2022\/11\/311827948_664615411958744_5683235725260963480_n-684x1024.jpg 684w, https:\/\/kwintesencja.art\/wp-content\/uploads\/2022\/11\/311827948_664615411958744_5683235725260963480_n-200x300.jpg 200w, https:\/\/kwintesencja.art\/wp-content\/uploads\/2022\/11\/311827948_664615411958744_5683235725260963480_n-768x1151.jpg 768w, https:\/\/kwintesencja.art\/wp-content\/uploads\/2022\/11\/311827948_664615411958744_5683235725260963480_n-1025x1536.jpg 1025w, https:\/\/kwintesencja.art\/wp-content\/uploads\/2022\/11\/311827948_664615411958744_5683235725260963480_n-600x899.jpg 600w, https:\/\/kwintesencja.art\/wp-content\/uploads\/2022\/11\/311827948_664615411958744_5683235725260963480_n.jpg 1367w\" sizes=\"auto, (max-width: 684px) 100vw, 684px\" \/><\/figure>\n<\/figure>\n\n\n\n<p>R\u00f3wnie\u017c sport by\u0142 istotnym \u017ar\u00f3d\u0142em jego inspiracji. Basquiat zainteresowany by\u0142 bowiem z\u0142o\u017conym \u017cyciem osobistym boksera Jack\u2019a Johnsona. Ten pierwszy afroameryka\u0144ski mistrz \u015bwiata wagi ci\u0119\u017ckiej mia\u0142 do czynienia z powa\u017cnymi uprzedzeniami rasowymi i cz\u0119sto profilowany by\u0142 w mediach ze wzgl\u0119du na swoje relacje z bia\u0142ymi kobietami.<\/p>\n\n\n\n<p>Jako gwiazda m\u0142odej ameryka\u0144skiej sceny artystycznej na pocz\u0105tku lat 80 sprzedawa\u0142 ju\u017c swoje prace po kilkadziesi\u0105t tysi\u0119cy dolar\u00f3w.<br>Odni\u00f3s\u0142 komercyjny sukces i rozkoszowa\u0142 si\u0119 swoj\u0105 s\u0142aw\u0105, ale chyba nie do ko\u0144ca czu\u0142 si\u0119 z tym wszystkim dobrze. Niestety, sukces ten ostatecznie doprowadzi go do upadku.<br>Basquiat wydawa\u0142 ogromne sumy pieni\u0119dzy na garnitury od Armaniego, drogie wina i najlepsze hotele.<br>\u201eOd bycia tak krytycznym wobec sceny artystycznej, Jean-Michel nagle sta\u0142 si\u0119 obiektem krytyki\u201d \u2013 powiedzia\u0142 Keith Haring, jego d\u0142ugoletni przyjaciel.<br>Ale jego liberty\u0144skie trwonienie by\u0142o naznaczone lekcewa\u017ceniem &#8211; by\u0142 znany z zamalowywania garnitur\u00f3w od projektant\u00f3w, po\u017cyczania nieprzyzwoitych sum pieni\u0119dzy, a nawet wyrzucania 100-dolarowych banknot\u00f3w przez okno limuzyny \u017cebrakom.<br><\/p>\n\n\n\n<p class=\"has-drop-cap\">Jean Michel Basquiat zmar\u0142 w wyniku przypadkowego przedawkowania narkotyk\u00f3w 12 sierpnia 1988r. w swoim studiu na Great Jones Street. Mia\u0142 27 lat. Do\u0142\u0105czaj\u0105c tym samym do s\u0142awetnego \u201eKlubu 27&#8243; obok innych popularnych postaci \u015bwiata muzyki i sztuki, kt\u00f3re zmar\u0142y zbyt wcze\u015bnie: Jimiego Hendrixa, Janis Joplin, Kurta Kobaina i Amy Winehouse.<br><br>Dzi\u015b prace Basquiata mo\u017cna ogl\u0105da\u0107 w Museum of Modern Art w Nowym Jorku, Rubell Family Collection w Miami, Museum of Contemporary Art w Los Angeles, a obecnie trwa wystawa w Albertina Muzeum w Wiedniu (9.09.2022 &#8211; 8.01.2023) &#8211;<a href=\"https:\/\/www.albertina.at\/en\/exhibitions\/basquiat\/\" target=\"_blank\" rel=\"noopener\"> LINK DO WYSTAWY<\/a><br><br>W 1996 roku inny neoekspresjonista Schnabel wyre\u017cyserowa\u0142 film biograficzny o burzliwym \u017cyciu artysty z Jeffreyem Wrightem w roli Basquiata i Davidem Bowie jako Warholem. W obsadzie filmowej znalaz\u0142o si\u0119 pi\u0119ciu zdobywc\u00f3w Oscara: Gary Oldman, Christopher Walken, Tatum O&#8217;Neal, Sam Rockwell i Benicio Del Toro; oraz dw\u00f3ch nominowanych do Oscara Willema Dafoe i Dennisa Hoppera.<\/p>\n\n\n\n<figure class=\"wp-block-embed is-type-video is-provider-youtube wp-block-embed-youtube wp-embed-aspect-4-3 wp-has-aspect-ratio\"><div class=\"wp-block-embed__wrapper\">\n<iframe loading=\"lazy\" title=\"Trailer: Basquiat\" width=\"640\" height=\"480\" src=\"https:\/\/www.youtube.com\/embed\/hcjNn78CJZE?feature=oembed\" frameborder=\"0\" allow=\"accelerometer; autoplay; clipboard-write; encrypted-media; gyroscope; picture-in-picture; web-share\" referrerpolicy=\"strict-origin-when-cross-origin\" allowfullscreen><\/iframe>\n<\/div><\/figure>\n\n\n\n<p>W 2017 roku Basquiat pobi\u0142 rekordy, kiedy jego obraz sta\u0142 si\u0119 najdro\u017cszym ameryka\u0144skim dzie\u0142em sztuki, jakie kiedykolwiek sprzedano na aukcji.<\/p>\n\n\n\n<figure class=\"wp-block-embed is-type-video is-provider-youtube wp-block-embed-youtube wp-embed-aspect-16-9 wp-has-aspect-ratio\"><div class=\"wp-block-embed__wrapper\">\n<iframe loading=\"lazy\" title=\"The Battle for Basquiat\" width=\"640\" height=\"360\" src=\"https:\/\/www.youtube.com\/embed\/M6eOrBnj_cI?start=105&#038;feature=oembed\" frameborder=\"0\" allow=\"accelerometer; autoplay; clipboard-write; encrypted-media; gyroscope; picture-in-picture; web-share\" referrerpolicy=\"strict-origin-when-cross-origin\" allowfullscreen><\/iframe>\n<\/div><\/figure>\n\n\n\n<p>Japo\u0144ski miliarder i kolekcjoner sztuki Yusaku Maezawie zap\u0142aci\u0142 110,5 miliona dolar\u00f3w za obraz \u201ebez tytu\u0142u&#8221;.<br>Obraz uwa\u017cany jest za form\u0119 autoportretu. Nawi\u0105zuje do afryka\u0144skich masek z postaci\u0105 czaszki przedstawiaj\u0105c\u0105 \u015bmier\u0107 i martwot\u0119 w \u017cywych kolorach, by\u0107 mo\u017ce przedstawiaj\u0105cych dwie strony samego Basquiata.<br>Prze\u0142omowa sprzeda\u017c sprawi\u0142a, \u017ce artysta znalaz\u0142 si\u0119 na szczycie listy przeboj\u00f3w aukcyjnych.<br><br><strong>Je\u015bli Ci si\u0119 podoba\u0142 artyku\u0142, do\u0142\u0105cz do&nbsp;FB, by \u015bledzi\u0107 ciekawostki z&nbsp;\u017cycia artyst\u00f3w<\/strong> \u2013 <a href=\"https:\/\/www.facebook.com\/kwintesencja.art\/\" target=\"_blank\" rel=\"noreferrer noopener\">LINK DO&nbsp;FACEBOOKA<\/a><br><strong>Zobacz prace artyst\u00f3w w&nbsp;Galerii Sztuki Quintessence<\/strong> (B- Basquiat) \u2013 <a href=\"https:\/\/kwintesencja.art\/artysci\/\" target=\"_blank\" rel=\"noreferrer noopener\">LINK DO&nbsp;GALERII<\/a><br><\/p>\n","protected":false},"excerpt":{"rendered":"<p>By\u0142 prekursorem graffiti, przedstawicielem neoekspresjonizmu i niezwykle wra\u017cliwym artyst\u0105.<\/p>\n","protected":false},"author":2,"featured_media":3211,"comment_status":"open","ping_status":"open","sticky":false,"template":"","format":"standard","meta":{"_monsterinsights_skip_tracking":false,"_monsterinsights_sitenote_active":false,"_monsterinsights_sitenote_note":"","_monsterinsights_sitenote_category":0,"_themeisle_gutenberg_block_has_review":false,"footnotes":""},"categories":[1,20,17],"tags":[200,202,137,201],"class_list":["post-3172","post","type-post","status-publish","format-standard","has-post-thumbnail","hentry","category-fotografia","category-grafika","category-malarstwo","tag-basquiat","tag-graffiti","tag-popart","tag-warhol"],"aioseo_notices":[],"_links":{"self":[{"href":"https:\/\/kwintesencja.art\/pl\/wp-json\/wp\/v2\/posts\/3172","targetHints":{"allow":["GET"]}}],"collection":[{"href":"https:\/\/kwintesencja.art\/pl\/wp-json\/wp\/v2\/posts"}],"about":[{"href":"https:\/\/kwintesencja.art\/pl\/wp-json\/wp\/v2\/types\/post"}],"author":[{"embeddable":true,"href":"https:\/\/kwintesencja.art\/pl\/wp-json\/wp\/v2\/users\/2"}],"replies":[{"embeddable":true,"href":"https:\/\/kwintesencja.art\/pl\/wp-json\/wp\/v2\/comments?post=3172"}],"version-history":[{"count":17,"href":"https:\/\/kwintesencja.art\/pl\/wp-json\/wp\/v2\/posts\/3172\/revisions"}],"predecessor-version":[{"id":5605,"href":"https:\/\/kwintesencja.art\/pl\/wp-json\/wp\/v2\/posts\/3172\/revisions\/5605"}],"wp:featuredmedia":[{"embeddable":true,"href":"https:\/\/kwintesencja.art\/pl\/wp-json\/wp\/v2\/media\/3211"}],"wp:attachment":[{"href":"https:\/\/kwintesencja.art\/pl\/wp-json\/wp\/v2\/media?parent=3172"}],"wp:term":[{"taxonomy":"category","embeddable":true,"href":"https:\/\/kwintesencja.art\/pl\/wp-json\/wp\/v2\/categories?post=3172"},{"taxonomy":"post_tag","embeddable":true,"href":"https:\/\/kwintesencja.art\/pl\/wp-json\/wp\/v2\/tags?post=3172"}],"curies":[{"name":"wp","href":"https:\/\/api.w.org\/{rel}","templated":true}]}}