{"id":2242,"date":"2022-07-24T13:40:52","date_gmt":"2022-07-24T11:40:52","guid":{"rendered":"https:\/\/kwintesencja.art\/?p=2242"},"modified":"2022-11-19T16:23:37","modified_gmt":"2022-11-19T15:23:37","slug":"kukielki-rafala","status":"publish","type":"post","link":"https:\/\/kwintesencja.art\/pl\/2022\/07\/24\/kukielki-rafala\/","title":{"rendered":"Kukie\u0142ki Rafa\u0142a"},"content":{"rendered":"\n<p><\/p>\n\n\n\n<figure class=\"wp-block-pullquote\"><blockquote><p><strong>My\u015blowy bana\u0142, sk\u0142onno\u015b\u0107 do sentymentalizmu, grafoma\u0144skie skojarzenia, tandeta i cukierkowaty koloryt?<\/strong><\/p><\/blockquote><\/figure>\n\n\n\n<figure class=\"wp-block-gallery has-nested-images columns-default is-cropped wp-block-gallery-1 is-layout-flex wp-block-gallery-is-layout-flex\">\n<figure class=\"wp-block-image size-large\"><img loading=\"lazy\" decoding=\"async\" width=\"721\" height=\"1024\" data-id=\"2247\" src=\"https:\/\/kwintesencja.art\/wp-content\/uploads\/2022\/07\/olbinski_rafal_trzeci_wymiar_czasu_krakow_iii_4898cb66-721x1024.jpg\" alt=\"\" class=\"wp-image-2247\" srcset=\"https:\/\/kwintesencja.art\/wp-content\/uploads\/2022\/07\/olbinski_rafal_trzeci_wymiar_czasu_krakow_iii_4898cb66-721x1024.jpg 721w, https:\/\/kwintesencja.art\/wp-content\/uploads\/2022\/07\/olbinski_rafal_trzeci_wymiar_czasu_krakow_iii_4898cb66-211x300.jpg 211w, https:\/\/kwintesencja.art\/wp-content\/uploads\/2022\/07\/olbinski_rafal_trzeci_wymiar_czasu_krakow_iii_4898cb66-768x1091.jpg 768w, https:\/\/kwintesencja.art\/wp-content\/uploads\/2022\/07\/olbinski_rafal_trzeci_wymiar_czasu_krakow_iii_4898cb66-600x852.jpg 600w, https:\/\/kwintesencja.art\/wp-content\/uploads\/2022\/07\/olbinski_rafal_trzeci_wymiar_czasu_krakow_iii_4898cb66.jpg 845w\" sizes=\"auto, (max-width: 721px) 100vw, 721px\" \/><\/figure>\n\n\n\n<figure class=\"wp-block-image size-large\"><img loading=\"lazy\" decoding=\"async\" width=\"723\" height=\"1024\" data-id=\"2248\" src=\"https:\/\/kwintesencja.art\/wp-content\/uploads\/2022\/07\/Temporary_Appreciation_II_ro143_156987.jpg\" alt=\"\" class=\"wp-image-2248\" srcset=\"https:\/\/kwintesencja.art\/wp-content\/uploads\/2022\/07\/Temporary_Appreciation_II_ro143_156987.jpg 723w, https:\/\/kwintesencja.art\/wp-content\/uploads\/2022\/07\/Temporary_Appreciation_II_ro143_156987-212x300.jpg 212w, https:\/\/kwintesencja.art\/wp-content\/uploads\/2022\/07\/Temporary_Appreciation_II_ro143_156987-600x850.jpg 600w\" sizes=\"auto, (max-width: 723px) 100vw, 723px\" \/><\/figure>\n\n\n\n<figure class=\"wp-block-image size-large\"><img loading=\"lazy\" decoding=\"async\" width=\"739\" height=\"1024\" data-id=\"2246\" src=\"https:\/\/kwintesencja.art\/wp-content\/uploads\/2022\/07\/202011191122096ca1c3987d1359a3c9c432e4f581e342-739x1024.jpg\" alt=\"\" class=\"wp-image-2246\" srcset=\"https:\/\/kwintesencja.art\/wp-content\/uploads\/2022\/07\/202011191122096ca1c3987d1359a3c9c432e4f581e342-739x1024.jpg 739w, https:\/\/kwintesencja.art\/wp-content\/uploads\/2022\/07\/202011191122096ca1c3987d1359a3c9c432e4f581e342-217x300.jpg 217w, https:\/\/kwintesencja.art\/wp-content\/uploads\/2022\/07\/202011191122096ca1c3987d1359a3c9c432e4f581e342-768x1064.jpg 768w, https:\/\/kwintesencja.art\/wp-content\/uploads\/2022\/07\/202011191122096ca1c3987d1359a3c9c432e4f581e342-600x831.jpg 600w, https:\/\/kwintesencja.art\/wp-content\/uploads\/2022\/07\/202011191122096ca1c3987d1359a3c9c432e4f581e342.jpg 822w\" sizes=\"auto, (max-width: 739px) 100vw, 739px\" \/><\/figure>\n<\/figure>\n\n\n\n<p>Artysta jest konsekwentny \u2013 trwa przy tych samych, od lat stosowanych chwytach; ima si\u0119 bli\u017aniaczych motyw\u00f3w; seriami kopiuje sam siebie. Mo\u017ce wreszcie publika zas\u0142odzi si\u0119 t\u0105 lepk\u0105 sztuk\u0105 ? Nie, jego fani s\u0105 nienasyceni. To troch\u0119 jak z dziewczynkami, kt\u00f3re chc\u0105 mie\u0107 coraz to nowe lalki Barbie, w r\u00f3\u017cnych wersjach i kreacjach.<br>Olbi\u0144ski stworzy\u0142 w\u0142asn\u0105 \u201ekukie\u0142k\u0119\u201d, kt\u00f3r\u0105 \u2013 pomimo anatomicznych niedoskona\u0142o\u015bci \u2013 najch\u0119tniej ukazuje nago. Zamiast w sukienki, spowija j\u0105 w listowie, chmury, serpentynowo wij\u0105ce si\u0119 wst\u0105\u017cki; nak\u0142ada na wzg\u00f3rek Wenery karnawa\u0142owe maseczki; ods\u0142ania wzg\u00f3rek Wenery zza kurtyny &#8211; krynoliny. Jego Barbie nie siedz\u0105, lecz lewituj\u0105, opieraj\u0105c nogi na sierpie ksi\u0119\u017cyca. Wyrastaj\u0105 z dr\u00f3g wij\u0105cych si\u0119 po bezkres. Mokn\u0105 pod parasolem, z kt\u00f3rego kapie wielkimi \u0142zami deszcz. Zawsze zachowuj\u0105 identyczny beznami\u0119tno-pusty wyraz twarzy. Jak ka\u017cda lala. Znamy te pomys\u0142y, wi\u0119c wymieniam kilka dla przyk\u0142adu. (&#8230;)<br>Jak on cudownie trafia w j\u0105dro kiczu! Jak genialnie wie, czego w sztuce nale\u017cy unika\u0107! I ma odwag\u0119 to pokaza\u0107, obna\u017cy\u0107. Fakt, \u017ce za t\u0119 lekcj\u0119 ka\u017ce sobie s\u0142ono p\u0142aci\u0107, jakby za&nbsp;prawdziw\u0105 sztuk\u0119. No, ale taka nauka warta wszystkie pieni\u0105dze, co wa\u017cne zw\u0142aszcza dla kolekcjoner\u00f3w.<br>(Tak 10 lat temu o wystawie Olbi\u0144skiego pisa\u0142a Monika Ma\u0142kowska w \u017byciu Warszawy).<\/p>\n\n\n\n<p>A co na to sam artysta:<\/p>\n\n\n\n<blockquote class=\"wp-block-quote is-layout-flow wp-block-quote-is-layout-flow\">\n<p><strong>Sztuka s\u0142u\u017cy pokazaniu \u015bwiata alternatywnego, kt\u00f3ry jest odpoczynkiem po brudach rzeczywisto\u015bci. Mieszkaj\u0105c przez 33 lata w Nowym Jorku, nie malowa\u0142em konflikt\u00f3w, agresji i energii tego miasta. Nie widzia\u0142em powod\u00f3w, dla kt\u00f3rych mia\u0142bym malowa\u0107 NY, skoro on sam si\u0119 maluje. Tworzy\u0142em idealistyczne obrazy, z motywami zaczerpni\u0119tymi z czas\u00f3w mojego dzieci\u0144stwa i m\u0142odo\u015bci, gdy zaczytywa\u0142em si\u0119 literatur\u0105 XIX-wieczn\u0105, renesansow\u0105 czy poezj\u0105 prerafaelick\u0105.<\/strong><\/p>\n<cite>Rafa\u0142 Olbi\u0144ski<\/cite><\/blockquote>\n\n\n\n<figure class=\"wp-block-image size-large is-resized\"><img loading=\"lazy\" decoding=\"async\" src=\"https:\/\/kwintesencja.art\/wp-content\/uploads\/2022\/07\/fot-Piotr-Waniorek-1024x683.jpg\" alt=\"\" class=\"wp-image-2245\" width=\"1450\" height=\"967\" srcset=\"https:\/\/kwintesencja.art\/wp-content\/uploads\/2022\/07\/fot-Piotr-Waniorek-1024x683.jpg 1024w, https:\/\/kwintesencja.art\/wp-content\/uploads\/2022\/07\/fot-Piotr-Waniorek-300x200.jpg 300w, https:\/\/kwintesencja.art\/wp-content\/uploads\/2022\/07\/fot-Piotr-Waniorek-768x512.jpg 768w, https:\/\/kwintesencja.art\/wp-content\/uploads\/2022\/07\/fot-Piotr-Waniorek-1536x1024.jpg 1536w, https:\/\/kwintesencja.art\/wp-content\/uploads\/2022\/07\/fot-Piotr-Waniorek-600x400.jpg 600w, https:\/\/kwintesencja.art\/wp-content\/uploads\/2022\/07\/fot-Piotr-Waniorek.jpg 1809w\" sizes=\"auto, (max-width: 1450px) 100vw, 1450px\" \/><figcaption class=\"wp-element-caption\">Rafa\u0142 Olbi\u0144ski, foto Piotr Waniorek<\/figcaption><\/figure>\n\n\n\n<p class=\"has-drop-cap\">Rafa\u0142 Olbi\u0144ski urodzi\u0142 si\u0119 w 1943 roku, uko\u0144czy\u0142 Wydzia\u0142a Architektury Politechniki Warszawskiej. Od lat studenckich zajmowa\u0142 si\u0119 grafik\u0105 i plakatem, uczestnicz\u0105c w wielu polskich i mi\u0119dzynarodowych wystawach. By\u0142 autorem oprawy graficznej magazynu \u201eJazz Forum\u201d. Projektowa\u0142 ok\u0142adki p\u0142yt m.in. Krzysztofa Klenczona i Breakaut\u00f3w. W 1981 wyjecha\u0142 z Polski i osiad\u0142 w Nowym Jorku, gdzie debiutowa\u0142 ok\u0142adk\u0105 do pisma \u201ePsychology Today\u201d, a nast\u0119pnie wsp\u00f3\u0142pracowa\u0142 z najbardziej presti\u017cowymi czasopismami ameryka\u0144skimi i europejskimi (\u201eNewsweek\u201d, \u201eTime\u201d, \u201eBusiness Week\u201d, \u201eThe New York Times\u201d, \u201eAtlantic Monthly\u201d, \u201ePlayboy\u201d, \u201eNew Yorker\u201d, \u201eOmni\u201d, \u201eDer Spiegel\u201d). <br>Od 1985 roku wyk\u0142ada\u0142 w School of Visual Arts w Nowym Jorku. W 1994 otrzyma\u0142 parysk\u0105 nagrod\u0119 za najbardziej pami\u0119tny plakat roku (International Oscar for the World\u2019s Most Memorable Poster \u201ePrix Savignac\u201d 1994). W tym samym roku otrzyma\u0142 nagrod\u0119 czasopisma Creative Review w Londynie za najlepsz\u0105 brytyjsk\u0105 ilustracj\u0119, a rok p\u00f3\u017aniej wygra\u0142 konkurs na plakat \u201eNowy Jork \u2013 stolica \u015bwiata\u201d. <br>Rok p\u00f3\u017aniej otrzyma\u0142 nagrod\u0119 Stephana Dohanosa przyznawan\u0105 przez cz\u0142onk\u00f3w Stowarzyszenia Ilustrator\u00f3w Nowojorskich za najlepsz\u0105 prac\u0119 roku. W 2002 roku miasto Fondi we W\u0142oszech przyzna\u0142o mu nagrod\u0119 \u201ePremio Divina Giulia\u201d za wybitny wk\u0142ad do sztuki wsp\u00f3\u0142czesnej.<br>Rafa\u0142 Olbi\u0144ski jest tak\u017ce tw\u00f3rc\u0105 licznych plakat\u00f3w teatralnych i operowych.<br>Jest autorem scenografii do \u201eDon Giovanniego\u201d w Operze Filadelfijskiej, oraz 30-metrowej kurtyny dla Opery i Filharmonii Podlaskiej w Bia\u0142ymstoku. Artysta projektuje r\u00f3wnie\u017c plakaty dla wielu presti\u017cowych instytucji mi\u0119dzynarodowych.<br><\/p>\n\n\n\n<figure class=\"wp-block-gallery has-nested-images columns-default is-cropped wp-block-gallery-2 is-layout-flex wp-block-gallery-is-layout-flex\">\n<figure class=\"wp-block-image size-large\"><img loading=\"lazy\" decoding=\"async\" width=\"772\" height=\"1024\" data-id=\"2250\" src=\"https:\/\/kwintesencja.art\/wp-content\/uploads\/2022\/07\/2560px-Paragoncineplex21102006_Curtis-Winston_-772x1024.jpg\" alt=\"\" class=\"wp-image-2250\" srcset=\"https:\/\/kwintesencja.art\/wp-content\/uploads\/2022\/07\/2560px-Paragoncineplex21102006_Curtis-Winston_-772x1024.jpg 772w, https:\/\/kwintesencja.art\/wp-content\/uploads\/2022\/07\/2560px-Paragoncineplex21102006_Curtis-Winston_-226x300.jpg 226w, https:\/\/kwintesencja.art\/wp-content\/uploads\/2022\/07\/2560px-Paragoncineplex21102006_Curtis-Winston_-768x1019.jpg 768w, https:\/\/kwintesencja.art\/wp-content\/uploads\/2022\/07\/2560px-Paragoncineplex21102006_Curtis-Winston_-1158x1536.jpg 1158w, https:\/\/kwintesencja.art\/wp-content\/uploads\/2022\/07\/2560px-Paragoncineplex21102006_Curtis-Winston_-600x796.jpg 600w, https:\/\/kwintesencja.art\/wp-content\/uploads\/2022\/07\/2560px-Paragoncineplex21102006_Curtis-Winston_.jpg 1438w\" sizes=\"auto, (max-width: 772px) 100vw, 772px\" \/><figcaption class=\"wp-element-caption\">foto: Curtis Winston<\/figcaption><\/figure>\n\n\n\n<figure class=\"wp-block-image size-large\"><img loading=\"lazy\" decoding=\"async\" width=\"1024\" height=\"676\" data-id=\"2251\" src=\"https:\/\/kwintesencja.art\/wp-content\/uploads\/2022\/07\/rAFAL-gUZ-1024x676.jpg\" alt=\"\" class=\"wp-image-2251\" srcset=\"https:\/\/kwintesencja.art\/wp-content\/uploads\/2022\/07\/rAFAL-gUZ-1024x676.jpg 1024w, https:\/\/kwintesencja.art\/wp-content\/uploads\/2022\/07\/rAFAL-gUZ-300x198.jpg 300w, https:\/\/kwintesencja.art\/wp-content\/uploads\/2022\/07\/rAFAL-gUZ-768x507.jpg 768w, https:\/\/kwintesencja.art\/wp-content\/uploads\/2022\/07\/rAFAL-gUZ-1536x1014.jpg 1536w, https:\/\/kwintesencja.art\/wp-content\/uploads\/2022\/07\/rAFAL-gUZ-2048x1352.jpg 2048w, https:\/\/kwintesencja.art\/wp-content\/uploads\/2022\/07\/rAFAL-gUZ-600x396.jpg 600w\" sizes=\"auto, (max-width: 1024px) 100vw, 1024px\" \/><figcaption class=\"wp-element-caption\">foto: Rafa\u0142 Guz<\/figcaption><\/figure>\n<\/figure>\n\n\n\n<p>Prace Olbi\u0144skiego znajduj\u0105 si\u0119 w kolekcjach m.in.: The National Arts Club w Nowym Jorku, Smithsonian Institute and Library of Congress w Waszyngtonie, Suntory Museum w Osace oraz w wielu prywatnych zbiorach w USA, Japonii i Europie. Jego prace odznaczaj\u0105 si\u0119 specyficznym typem obrazowania, kt\u00f3ry zaskarbi\u0142 mu opini\u0119 surrealisty ciesz\u0105cego si\u0119 nies\u0142abn\u0105cym zainteresowaniem i popularno\u015bci.<br><br><strong>Nie uko\u0144czy\u0142 akademii sztuk pi\u0119knych. Oskar\u017cany przez wielu krytyk\u00f3w o kicz, przyci\u0105gaj\u0105cy na wystawy t\u0142umy wielbicieli. Jeden z najbardziej znanych na \u015bwiecie wsp\u00f3\u0142czesnych polskich artyst\u00f3w. Jego prace sprzedaj\u0105 si\u0119 \u201ejak \u015bwie\u017ce bu\u0142eczki\u201d, osi\u0105gaj\u0105c bardzo wysokie ceny na aukcjach.  W czym tkwi tajemnica popularno\u015bci i sukcesu Rafa\u0142a Olbi\u0144skiego?<br><\/strong><br><\/p>\n\n\n\n<figure class=\"wp-block-gallery has-nested-images columns-default is-cropped wp-block-gallery-3 is-layout-flex wp-block-gallery-is-layout-flex\">\n<figure class=\"wp-block-image size-large\"><a href=\"https:\/\/kwintesencja.art\/product-tag\/olbinski-rafal\/\"><img loading=\"lazy\" decoding=\"async\" width=\"806\" height=\"1024\" data-id=\"2255\" src=\"https:\/\/kwintesencja.art\/wp-content\/uploads\/2022\/07\/Okna_3B-806x1024.jpg\" alt=\"\" class=\"wp-image-2255\" srcset=\"https:\/\/kwintesencja.art\/wp-content\/uploads\/2022\/07\/Okna_3B-806x1024.jpg 806w, https:\/\/kwintesencja.art\/wp-content\/uploads\/2022\/07\/Okna_3B-236x300.jpg 236w, https:\/\/kwintesencja.art\/wp-content\/uploads\/2022\/07\/Okna_3B-768x975.jpg 768w, https:\/\/kwintesencja.art\/wp-content\/uploads\/2022\/07\/Okna_3B-1209x1536.jpg 1209w, https:\/\/kwintesencja.art\/wp-content\/uploads\/2022\/07\/Okna_3B-1612x2048.jpg 1612w, https:\/\/kwintesencja.art\/wp-content\/uploads\/2022\/07\/Okna_3B-600x762.jpg 600w, https:\/\/kwintesencja.art\/wp-content\/uploads\/2022\/07\/Okna_3B-scaled.jpg 2016w\" sizes=\"auto, (max-width: 806px) 100vw, 806px\" \/><\/a><\/figure>\n\n\n\n<figure class=\"wp-block-image size-large\"><a href=\"https:\/\/kwintesencja.art\/product-tag\/olbinski-rafal\/\"><img loading=\"lazy\" decoding=\"async\" width=\"663\" height=\"1024\" data-id=\"2254\" src=\"https:\/\/kwintesencja.art\/wp-content\/uploads\/2022\/07\/Poetyckie-663x1024.jpg\" alt=\"\" class=\"wp-image-2254\" srcset=\"https:\/\/kwintesencja.art\/wp-content\/uploads\/2022\/07\/Poetyckie-663x1024.jpg 663w, https:\/\/kwintesencja.art\/wp-content\/uploads\/2022\/07\/Poetyckie-194x300.jpg 194w, https:\/\/kwintesencja.art\/wp-content\/uploads\/2022\/07\/Poetyckie-768x1187.jpg 768w, https:\/\/kwintesencja.art\/wp-content\/uploads\/2022\/07\/Poetyckie-994x1536.jpg 994w, https:\/\/kwintesencja.art\/wp-content\/uploads\/2022\/07\/Poetyckie-600x927.jpg 600w, https:\/\/kwintesencja.art\/wp-content\/uploads\/2022\/07\/Poetyckie.jpg 1007w\" sizes=\"auto, (max-width: 663px) 100vw, 663px\" \/><\/a><\/figure>\n\n\n\n<figure class=\"wp-block-image size-large\"><a href=\"https:\/\/kwintesencja.art\/product-tag\/olbinski-rafal\/\"><img loading=\"lazy\" decoding=\"async\" width=\"686\" height=\"1024\" data-id=\"2256\" src=\"https:\/\/kwintesencja.art\/wp-content\/uploads\/2022\/07\/Roza_2B-686x1024.jpg\" alt=\"\" class=\"wp-image-2256\" srcset=\"https:\/\/kwintesencja.art\/wp-content\/uploads\/2022\/07\/Roza_2B-686x1024.jpg 686w, https:\/\/kwintesencja.art\/wp-content\/uploads\/2022\/07\/Roza_2B-201x300.jpg 201w, https:\/\/kwintesencja.art\/wp-content\/uploads\/2022\/07\/Roza_2B-768x1146.jpg 768w, https:\/\/kwintesencja.art\/wp-content\/uploads\/2022\/07\/Roza_2B-1030x1536.jpg 1030w, https:\/\/kwintesencja.art\/wp-content\/uploads\/2022\/07\/Roza_2B-1373x2048.jpg 1373w, https:\/\/kwintesencja.art\/wp-content\/uploads\/2022\/07\/Roza_2B-600x895.jpg 600w, https:\/\/kwintesencja.art\/wp-content\/uploads\/2022\/07\/Roza_2B-scaled.jpg 1716w\" sizes=\"auto, (max-width: 686px) 100vw, 686px\" \/><\/a><\/figure>\n<\/figure>\n\n\n\n<div class=\"wp-block-columns is-layout-flex wp-container-core-columns-is-layout-9d6595d7 wp-block-columns-is-layout-flex\">\n<div class=\"wp-block-column is-layout-flow wp-block-column-is-layout-flow\" style=\"flex-basis:100%\">\n<blockquote class=\"wp-block-quote is-layout-flow wp-block-quote-is-layout-flow\">\n<p><strong>Olbi\u0144ski jest malarzem-poet\u0105, kt\u00f3ry przedstawia obraz naszego \u015bwiata przy wykorzystaniu szerszej refleksji.<\/strong><\/p>\n<cite>Anne-Julie Belmont, Universe of Arts, Pary\u017c.<\/cite><\/blockquote>\n<\/div>\n<\/div>\n\n\n\n<p>Olbi\u0144ski patrzy na \u015bwiat oczyma poety. Pi\u0119kno \u015bwiata przedstawionego przez Olbi\u0144skiego nosi znamiona utopi. To \u015bwiat z naszych sn\u00f3w i marze\u0144. W tym \u015bwiecie, pi\u0119kna jest przyroda, pi\u0119kne zwierz\u0119ta, a nade wszystko pi\u0119kne kobiety. T\u0119sknimy za tym, dlatego tak \u0142atwo dajemy si\u0119 uwie\u015b\u0107 arty\u015bcie. Zapatrzeni w jego obrazy, siadamy na soczystej trawie, obok pi\u0119knej kobiety i patrzymy na przesuwaj\u0105ce si\u0119 chmury po b\u0142\u0119kitnym niebie, czuj\u0105c si\u0119 jak w raju \u2013 m\u0142odzi, pi\u0119kni i lepsi.<br><br>A mo\u017ce artysta kpi sobie po prostu z niewyrobionego odbiorcy ?<br>Niemo\u017cliwe przecie\u017c, \u017ceby z wiekiem nie zmienia\u0107 si\u0119 ani na jot\u0119. Czy to przypadkiem nie podst\u0119p, albo prowokacja?<br><br><\/p>\n\n\n\n<blockquote class=\"wp-block-quote is-layout-flow wp-block-quote-is-layout-flow\">\n<p><strong>\u017byjemy w XXI wieku. Owszem, maluj\u0119 obrazy za wielkie pieni\u0105dze, kt\u00f3re wisz\u0105 w bogatych domach, ale podoba mi si\u0119 pomys\u0142, by kolekcj\u0119 moich obraz\u00f3w mo\u017cna by\u0142o kupi\u0107 jako inkografi\u0119, kalendarz czy grafik\u0119 na kubku. Jest to na pewno jeden ze sposob\u00f3w \u201erobienia\u201d sobie nazwiska i rozpoznawalno\u015bci, co jest bardzo wa\u017cne we wsp\u00f3\u0142czesnej sztuce. Picasso powiedzia\u0142, \u017ce nie wa\u017cne jest co artysta namalowa\u0142, wa\u017cne jest nazwisko. I mia\u0142 racj\u0119. Obraz Picassa bez jego podpisu jest bezwarto\u015bciowy.<\/strong><\/p>\n<cite>Rafa\u0142 Olbi\u0144ski<\/cite><\/blockquote>\n\n\n\n<p><br>Do\u0142\u0105cz do FB, aby \u015bledzi\u0107 ciekawostki z \u017cycia artyst\u00f3w &#8211; <a href=\"https:\/\/www.facebook.com\/kwintesencja.art\/\" target=\"_blank\" rel=\"noreferrer noopener\">LINK DO FACEBOOKA<\/a><br>Zobacz dost\u0119pne prace artysty w Galerii Quintessence &#8211; <a href=\"https:\/\/kwintesencja.art\/product-tag\/olbinski-rafal\/\" target=\"_blank\" rel=\"noreferrer noopener\">LINK DO GALERII<\/a><\/p>\n\n\n\n<figure class=\"wp-block-image size-full is-resized\"><a href=\"https:\/\/kwintesencja.art\/product-tag\/olbinski-rafal\/\"><img loading=\"lazy\" decoding=\"async\" src=\"https:\/\/kwintesencja.art\/wp-content\/uploads\/2022\/07\/Karty_1E.jpg\" alt=\"\" class=\"wp-image-2253\" width=\"1449\" height=\"1332\" srcset=\"https:\/\/kwintesencja.art\/wp-content\/uploads\/2022\/07\/Karty_1E.jpg 921w, https:\/\/kwintesencja.art\/wp-content\/uploads\/2022\/07\/Karty_1E-300x276.jpg 300w, https:\/\/kwintesencja.art\/wp-content\/uploads\/2022\/07\/Karty_1E-768x706.jpg 768w, https:\/\/kwintesencja.art\/wp-content\/uploads\/2022\/07\/Karty_1E-600x552.jpg 600w\" sizes=\"auto, (max-width: 1449px) 100vw, 1449px\" \/><\/a><\/figure>\n\n\n\n<p>\u0179r\u00f3d\u0142a: <br>Monika Ma\u0142kowska &#8211; \u017bycie Warszawy, biogram zaczerpni\u0119ty z katalogu z wystawy w Muzeum Historii Miasta Tarnobrzegu, Wikimedia <\/p>\n","protected":false},"excerpt":{"rendered":"<p>My\u015blowy bana\u0142, sk\u0142onno\u015b\u0107 do sentymentalizmu, tandeta i cukierkowaty koloryt?<\/p>\n","protected":false},"author":2,"featured_media":2257,"comment_status":"open","ping_status":"open","sticky":false,"template":"","format":"standard","meta":{"_monsterinsights_skip_tracking":false,"_monsterinsights_sitenote_active":false,"_monsterinsights_sitenote_note":"","_monsterinsights_sitenote_category":0,"_themeisle_gutenberg_block_has_review":false,"footnotes":""},"categories":[20,17],"tags":[152,104,151,153],"class_list":["post-2242","post","type-post","status-publish","format-standard","has-post-thumbnail","hentry","category-grafika","category-malarstwo","tag-grafika","tag-malarstwo","tag-olbinski","tag-plakat"],"aioseo_notices":[],"_links":{"self":[{"href":"https:\/\/kwintesencja.art\/pl\/wp-json\/wp\/v2\/posts\/2242","targetHints":{"allow":["GET"]}}],"collection":[{"href":"https:\/\/kwintesencja.art\/pl\/wp-json\/wp\/v2\/posts"}],"about":[{"href":"https:\/\/kwintesencja.art\/pl\/wp-json\/wp\/v2\/types\/post"}],"author":[{"embeddable":true,"href":"https:\/\/kwintesencja.art\/pl\/wp-json\/wp\/v2\/users\/2"}],"replies":[{"embeddable":true,"href":"https:\/\/kwintesencja.art\/pl\/wp-json\/wp\/v2\/comments?post=2242"}],"version-history":[{"count":20,"href":"https:\/\/kwintesencja.art\/pl\/wp-json\/wp\/v2\/posts\/2242\/revisions"}],"predecessor-version":[{"id":3167,"href":"https:\/\/kwintesencja.art\/pl\/wp-json\/wp\/v2\/posts\/2242\/revisions\/3167"}],"wp:featuredmedia":[{"embeddable":true,"href":"https:\/\/kwintesencja.art\/pl\/wp-json\/wp\/v2\/media\/2257"}],"wp:attachment":[{"href":"https:\/\/kwintesencja.art\/pl\/wp-json\/wp\/v2\/media?parent=2242"}],"wp:term":[{"taxonomy":"category","embeddable":true,"href":"https:\/\/kwintesencja.art\/pl\/wp-json\/wp\/v2\/categories?post=2242"},{"taxonomy":"post_tag","embeddable":true,"href":"https:\/\/kwintesencja.art\/pl\/wp-json\/wp\/v2\/tags?post=2242"}],"curies":[{"name":"wp","href":"https:\/\/api.w.org\/{rel}","templated":true}]}}