{"id":2597,"date":"2022-08-14T14:19:43","date_gmt":"2022-08-14T12:19:43","guid":{"rendered":"https:\/\/kwintesencja.art\/?p=2597"},"modified":"2024-01-10T10:31:05","modified_gmt":"2024-01-10T09:31:05","slug":"fotografia-to-cud-jan-saudek-i-sara-saudkova","status":"publish","type":"post","link":"https:\/\/kwintesencja.art\/en\/2022\/08\/14\/fotografia-to-cud-jan-saudek-i-sara-saudkova\/","title":{"rendered":"Fotografia to cud (Jan Saudek i Sara Saudkova)"},"content":{"rendered":"<p><em>&#8220;Fotografia to cud &#8211; bo pozwala oswoi\u0107 i zatrzyma\u0107 czas, a tak\u017ce pokazuje nam to, co nieuchwytne: ruch, emocje, b\u00f3l i pi\u0119kno. Budzi w nas pami\u0119\u0107 &#8211; o wszystkim, co kochamy&#8221;.<br><br><\/em><strong>S\u00e1ra Saudkov\u00e1<\/strong> (ur.1967) jest wa\u017cn\u0105 czesk\u0105 fotografk\u0105, kt\u00f3ra sztuki fotograficznej nauczy\u0142a si\u0119 od Jana Saudka. Niegdy\u015b mieszka\u0142a z nim pod jednym dachem, a dzi\u015b wychowuje czw\u00f3rk\u0119 dzieci z jego synem Samuelem.<br>Jej skomplikowana relacja praca-mi\u0142o\u015b\u0107-przyja\u017a\u0144 z fotografem Janem Saudkiem rozpocz\u0119\u0142a si\u0119 2 pa\u017adziernika 1991 roku, kiedy jako \u015bwie\u017co upieczona absolwentka Uniwersytetu Ekonomicznego po raz pierwszy wesz\u0142a do jego pracowni. I tak zosta\u0142a na 10 lat, staj\u0105c si\u0119 jego modelk\u0105, muz\u0105, kochank\u0105 \u2013 <br>i ostatecznie jego managerem. Potem Sara zwi\u0105za\u0142a si\u0119 z Samuelem (synem Jana) i urodzi\u0142a mu czw\u00f3rk\u0119 dzieci. Wraz z Samuelem zacz\u0119li zarz\u0105dza\u0107 prawami autorskimi do zdj\u0119\u0107 Jana, co sta\u0142o si\u0119 punktem niezgody w ich relacjach i rozpocz\u0119\u0142o batali\u0119 sadow\u0105, kt\u00f3r\u0105 w 2012 roku Jan wygra\u0142.<br>Jak m\u00f3wi Sara:  <em>Sp\u00f3r powsta\u0142, poniewa\u017c Jan sprzeda\u0142 prawa do swoich prac firmie, kt\u00f3ra chcia\u0142a wyda\u0107 jego ksi\u0105\u017ck\u0119, a potem te prawa spieni\u0119\u017cy\u0107 dalej. Samuel z Sar\u0105 chcieli temu zapobiec i tak powsta\u0142a, i trwa do dzi\u015b, ca\u0142a ta bezsensowna legenda.<\/em><\/p>\n\n\n\n<figure class=\"wp-block-gallery has-nested-images columns-default is-cropped wp-block-gallery-1 is-layout-flex wp-block-gallery-is-layout-flex\">\n<figure class=\"wp-block-image size-large\"><a href=\"https:\/\/kwintesencja.art\/en\/product-tag\/saudkova-sara\/\" target=\"_blank\" rel=\"noreferrer noopener\"><img loading=\"lazy\" decoding=\"async\" width=\"873\" height=\"1024\" data-id=\"2599\" src=\"https:\/\/kwintesencja.art\/wp-content\/uploads\/2022\/08\/e65a8d541c759b54da9acc3d2de3e513-873x1024.jpg\" alt=\"\" class=\"wp-image-2599\" srcset=\"https:\/\/kwintesencja.art\/wp-content\/uploads\/2022\/08\/e65a8d541c759b54da9acc3d2de3e513-873x1024.jpg 873w, https:\/\/kwintesencja.art\/wp-content\/uploads\/2022\/08\/e65a8d541c759b54da9acc3d2de3e513-256x300.jpg 256w, https:\/\/kwintesencja.art\/wp-content\/uploads\/2022\/08\/e65a8d541c759b54da9acc3d2de3e513-768x900.jpg 768w, https:\/\/kwintesencja.art\/wp-content\/uploads\/2022\/08\/e65a8d541c759b54da9acc3d2de3e513-1310x1536.jpg 1310w, https:\/\/kwintesencja.art\/wp-content\/uploads\/2022\/08\/e65a8d541c759b54da9acc3d2de3e513-1747x2048.jpg 1747w, https:\/\/kwintesencja.art\/wp-content\/uploads\/2022\/08\/e65a8d541c759b54da9acc3d2de3e513-600x703.jpg 600w, https:\/\/kwintesencja.art\/wp-content\/uploads\/2022\/08\/e65a8d541c759b54da9acc3d2de3e513.jpg 1920w\" sizes=\"auto, (max-width: 873px) 100vw, 873px\" \/><\/a><figcaption class=\"wp-element-caption\">Galeria Kwintesencja<\/figcaption><\/figure>\n\n\n\n<figure class=\"wp-block-image size-large\"><img loading=\"lazy\" decoding=\"async\" width=\"1024\" height=\"877\" data-id=\"2598\" src=\"https:\/\/kwintesencja.art\/wp-content\/uploads\/2022\/08\/IMG-20220804-WA0005-1024x877.jpg\" alt=\"\" class=\"wp-image-2598\" srcset=\"https:\/\/kwintesencja.art\/wp-content\/uploads\/2022\/08\/IMG-20220804-WA0005-1024x877.jpg 1024w, https:\/\/kwintesencja.art\/wp-content\/uploads\/2022\/08\/IMG-20220804-WA0005-300x257.jpg 300w, https:\/\/kwintesencja.art\/wp-content\/uploads\/2022\/08\/IMG-20220804-WA0005-768x658.jpg 768w, https:\/\/kwintesencja.art\/wp-content\/uploads\/2022\/08\/IMG-20220804-WA0005-600x514.jpg 600w, https:\/\/kwintesencja.art\/wp-content\/uploads\/2022\/08\/IMG-20220804-WA0005.jpg 1512w\" sizes=\"auto, (max-width: 1024px) 100vw, 1024px\" \/><figcaption class=\"wp-element-caption\">Zdj\u0119cie wykonane w Galerii Chagall w Ostravie &#8211; sierpie\u0144 2022<\/figcaption><\/figure>\n<\/figure>\n\n\n\n<p>Faktem jest, \u017ce Sara wszystkiego nauczy\u0142a si\u0119 od Jana i jak przyznaje, jej wczesne prace by\u0142y pod silnym wp\u0142ywem swojego mentora, ale z czasem odnalaz\u0142a w\u0142asn\u0105 drog\u0119, kt\u00f3r\u0105 pod\u0105\u017c\u0105 do dzi\u015b. <br>Fotografi\u0105 zajmuje si\u0119 czynnie od 1999 roku i ma na swoim koncie kilkadziesi\u0105t wystaw. Fotografuje g\u0142\u00f3wnie akty.<\/p>\n\n\n\n<figure class=\"wp-block-gallery has-nested-images columns-default is-cropped wp-block-gallery-2 is-layout-flex wp-block-gallery-is-layout-flex\">\n<figure class=\"wp-block-image size-large\"><a href=\"https:\/\/kwintesencja.art\/en\/product-tag\/saudkova-sara\/\" target=\"_blank\" rel=\"noreferrer noopener\"><img loading=\"lazy\" decoding=\"async\" width=\"825\" height=\"900\" data-id=\"2603\" src=\"https:\/\/kwintesencja.art\/wp-content\/uploads\/2022\/08\/IMG_5714-6498b5b4733d11ebb711edade898354c.jpg\" alt=\"\" class=\"wp-image-2603\" srcset=\"https:\/\/kwintesencja.art\/wp-content\/uploads\/2022\/08\/IMG_5714-6498b5b4733d11ebb711edade898354c.jpg 825w, https:\/\/kwintesencja.art\/wp-content\/uploads\/2022\/08\/IMG_5714-6498b5b4733d11ebb711edade898354c-275x300.jpg 275w, https:\/\/kwintesencja.art\/wp-content\/uploads\/2022\/08\/IMG_5714-6498b5b4733d11ebb711edade898354c-768x838.jpg 768w, https:\/\/kwintesencja.art\/wp-content\/uploads\/2022\/08\/IMG_5714-6498b5b4733d11ebb711edade898354c-600x655.jpg 600w\" sizes=\"auto, (max-width: 825px) 100vw, 825px\" \/><\/a><\/figure>\n\n\n\n<figure class=\"wp-block-image size-large\"><a href=\"https:\/\/kwintesencja.art\/en\/product-tag\/saudkova-sara\/\" target=\"_blank\" rel=\"noreferrer noopener\"><img loading=\"lazy\" decoding=\"async\" width=\"804\" height=\"1024\" data-id=\"2602\" src=\"https:\/\/kwintesencja.art\/wp-content\/uploads\/2022\/08\/IMG-20220718-WA0026-804x1024.jpg\" alt=\"\" class=\"wp-image-2602\" srcset=\"https:\/\/kwintesencja.art\/wp-content\/uploads\/2022\/08\/IMG-20220718-WA0026-804x1024.jpg 804w, https:\/\/kwintesencja.art\/wp-content\/uploads\/2022\/08\/IMG-20220718-WA0026-236x300.jpg 236w, https:\/\/kwintesencja.art\/wp-content\/uploads\/2022\/08\/IMG-20220718-WA0026-768x978.jpg 768w, https:\/\/kwintesencja.art\/wp-content\/uploads\/2022\/08\/IMG-20220718-WA0026-1206x1536.jpg 1206w, https:\/\/kwintesencja.art\/wp-content\/uploads\/2022\/08\/IMG-20220718-WA0026-600x764.jpg 600w, https:\/\/kwintesencja.art\/wp-content\/uploads\/2022\/08\/IMG-20220718-WA0026.jpg 1406w\" sizes=\"auto, (max-width: 804px) 100vw, 804px\" \/><\/a><\/figure>\n\n\n\n<figure class=\"wp-block-image size-large\"><a href=\"https:\/\/kwintesencja.art\/en\/product-tag\/saudkova-sara\/\" target=\"_blank\" rel=\"noreferrer noopener\"><img loading=\"lazy\" decoding=\"async\" width=\"1024\" height=\"1019\" data-id=\"2601\" src=\"https:\/\/kwintesencja.art\/wp-content\/uploads\/2022\/08\/IMG-20220718-WA0023-1024x1019.jpg\" alt=\"\" class=\"wp-image-2601\" srcset=\"https:\/\/kwintesencja.art\/wp-content\/uploads\/2022\/08\/IMG-20220718-WA0023-1024x1019.jpg 1024w, https:\/\/kwintesencja.art\/wp-content\/uploads\/2022\/08\/IMG-20220718-WA0023-300x300.jpg 300w, https:\/\/kwintesencja.art\/wp-content\/uploads\/2022\/08\/IMG-20220718-WA0023-150x150.jpg 150w, https:\/\/kwintesencja.art\/wp-content\/uploads\/2022\/08\/IMG-20220718-WA0023-768x764.jpg 768w, https:\/\/kwintesencja.art\/wp-content\/uploads\/2022\/08\/IMG-20220718-WA0023-600x597.jpg 600w, https:\/\/kwintesencja.art\/wp-content\/uploads\/2022\/08\/IMG-20220718-WA0023-100x100.jpg 100w, https:\/\/kwintesencja.art\/wp-content\/uploads\/2022\/08\/IMG-20220718-WA0023.jpg 1436w\" sizes=\"auto, (max-width: 1024px) 100vw, 1024px\" \/><\/a><\/figure>\n<\/figure>\n\n\n\n<blockquote class=\"wp-block-quote is-layout-flow wp-block-quote-is-layout-flow\">\n<p><em>\u201eCh\u0142on\u0119 przez soczewk\u0119 aparatu wszystko, co jest dla mnie wa\u017cne i niezawodnie mija: mi\u0142o\u015b\u0107, przyjemno\u015b\u0107, smutek jako t\u0119sknota, zapach dzieci, samotno\u015b\u0107 i oczekiwanie&#8230; Wszystko to s\u0105 historie, kt\u00f3re wci\u0105\u017c kr\u0105\u017c\u0105 w mojej g\u0142owie &#8211; historie, kt\u00f3re zosta\u0142y napisane przez ludzi &#8211; i kt\u00f3re mog\u0105 czyta\u0107 jak ksi\u0105\u017ck\u0119. Ka\u017cdy z nas ma tajemnic\u0119 i tylko fotografia mo\u017ce j\u0105 uchwyci\u0107, nie ujawniaj\u0105c wszystkiego ca\u0142kowicie&#8230;&#8221;<\/em><\/p>\n<cite>Sara Saudkova<\/cite><\/blockquote>\n\n\n\n<p>Dzi\u015b, Sara Saudkova stara si\u0119 utrzymywa\u0107 dobre relacje z Janem i jego now\u0105 rodzin\u0105 (Saudek jest \u017conaty z dziennikark\u0105 Pavl\u00edn\u0105 Hodkov\u0105 i ma z ni\u0105 troje dzieci)<\/p>\n\n\n\n<p class=\"has-drop-cap\">J<strong>an Saudek<\/strong> urodzi\u0142 sie w&nbsp;Pradze w&nbsp;1935 roku. Ojciec Saudka prze\u017cy\u0142 ob\u00f3z koncentracyjny w&nbsp;Terezinie, w&nbsp;kt\u00f3rym&nbsp;zgin\u0119\u0142o jego sze\u015bciu braci.<\/p>\n\n\n\n<p>W&nbsp;latach 1950-1983 pracuje jako drukarz. Zaczyna malowa\u0107 i&nbsp;rysowa\u0107. Zaczyna te\u017c fotografowa\u0107 swoim pierwszym aparatem Baby Brownie Kodak.<br>W&nbsp;1953 roku zdj\u0119cie zrobione bratu, jest dla Jana pierwsz\u0105 wa\u017cn\u0105 fotografi\u0105 artystyczn\u0105.<br>W&nbsp;1959 roku dostaje sw\u00f3j pierwszy \u201eprawdziwy\u201d aparat fotograficzny \u2013 Flexaret 6\u00d76, kt\u00f3rym&nbsp;fotografuje do&nbsp;dzi\u015b.<\/p>\n\n\n\n<figure class=\"wp-block-image size-large is-resized\"><a href=\"https:\/\/kwintesencja.art\/en\/product-tag\/saudek-jan\/\" target=\"_blank\" rel=\"noreferrer noopener\"><img loading=\"lazy\" decoding=\"async\" width=\"1024\" height=\"761\" src=\"https:\/\/kwintesencja.art\/wp-content\/uploads\/2022\/08\/IMG-20220718-WA0011-1024x761.jpg\" alt=\"\" class=\"wp-image-2606\" style=\"width:1450px;height:1077px\" srcset=\"https:\/\/kwintesencja.art\/wp-content\/uploads\/2022\/08\/IMG-20220718-WA0011-1024x761.jpg 1024w, https:\/\/kwintesencja.art\/wp-content\/uploads\/2022\/08\/IMG-20220718-WA0011-300x223.jpg 300w, https:\/\/kwintesencja.art\/wp-content\/uploads\/2022\/08\/IMG-20220718-WA0011-768x571.jpg 768w, https:\/\/kwintesencja.art\/wp-content\/uploads\/2022\/08\/IMG-20220718-WA0011-1536x1142.jpg 1536w, https:\/\/kwintesencja.art\/wp-content\/uploads\/2022\/08\/IMG-20220718-WA0011-600x446.jpg 600w, https:\/\/kwintesencja.art\/wp-content\/uploads\/2022\/08\/IMG-20220718-WA0011.jpg 1908w\" sizes=\"auto, (max-width: 1024px) 100vw, 1024px\" \/><\/a><figcaption class=\"wp-element-caption\">The Kiss of Death<\/figcaption><\/figure>\n\n\n\n<p>1963 rok \u2013 pierwsza w\u0142asna wystawa w&nbsp;Pradze. Jan postanawia zosta\u0107 fotografikiem. Zainspirowany katalogiem wystawy \u201eThe Family of Man\u201d Edwarda Steichena chce zrobi\u0107 ksi\u0105\u017ck\u0119 o&nbsp;ludziach swojej epoki. Fotografuje jedynie tych, z&nbsp;kt\u00f3rymi jest osobi\u015bcie zwi\u0105zany.<br>W&nbsp;1966 Robi swoje najwa\u017cniejsze zdj\u0119cie \u201e\u017bycie\u201d<br>1969 wyje\u017cd\u017ca do&nbsp;USA, gdzie Hugh Edwards zach\u0119ca go&nbsp;do&nbsp;dalszego fotografowania. Jego pierwsza indywidualna wystawa na&nbsp;Uniwersytecie Indiana w&nbsp;Bloomington.<br>1972 Jan odkrywa swoj\u0105 wilgotn\u0105 \u201e\u015bcian\u0119 sutereny\u201d, kt\u00f3ra&nbsp;staje si\u0119 synonimem jego pracy artystycznej. od&nbsp;lat siedemdziesi\u0105tych wzrasta jego mi\u0119dzynarodowa s\u0142awa.<br>Oko\u0142o 1977 roku zaczyna kolorowa\u0107 czarno-bia\u0142e odbitki.<br><strong>&gt;&gt;&gt; Zobacz film jak powstawa\u0142o uj\u0119cie na zdj\u0119ciu poni\u017cej : (link pod zdj\u0119ciem)<\/strong><\/p>\n\n\n\n<figure class=\"wp-block-image size-large is-resized\"><a href=\"https:\/\/kwintesencja.art\/en\/product-tag\/saudek-jan\/\" target=\"_blank\" rel=\"noreferrer noopener\"><img loading=\"lazy\" decoding=\"async\" width=\"1024\" height=\"781\" src=\"https:\/\/kwintesencja.art\/wp-content\/uploads\/2022\/08\/IMG-20220718-WA0010-1024x781.jpg\" alt=\"\" class=\"wp-image-2605\" style=\"width:1449px;height:1105px\" srcset=\"https:\/\/kwintesencja.art\/wp-content\/uploads\/2022\/08\/IMG-20220718-WA0010-1024x781.jpg 1024w, https:\/\/kwintesencja.art\/wp-content\/uploads\/2022\/08\/IMG-20220718-WA0010-300x229.jpg 300w, https:\/\/kwintesencja.art\/wp-content\/uploads\/2022\/08\/IMG-20220718-WA0010-768x586.jpg 768w, https:\/\/kwintesencja.art\/wp-content\/uploads\/2022\/08\/IMG-20220718-WA0010-1536x1171.jpg 1536w, https:\/\/kwintesencja.art\/wp-content\/uploads\/2022\/08\/IMG-20220718-WA0010-600x457.jpg 600w, https:\/\/kwintesencja.art\/wp-content\/uploads\/2022\/08\/IMG-20220718-WA0010.jpg 1932w\" sizes=\"auto, (max-width: 1024px) 100vw, 1024px\" \/><\/a><figcaption class=\"wp-element-caption\">The Fotest of Love and Death<\/figcaption><\/figure>\n\n\n\n<p><a href=\"https:\/\/youtu.be\/eMcqoiUBLVI\" rel=\"noreferrer noopener\" target=\"_blank\">FILM: Jan Saudek &#8211; re\u017c Jerome de Missolz (polskie napisy) &#8211; film z 1990 roku prezentuj\u0105cy warsztat artysty i miejsce w kt\u00f3rym tworzy\u0142 swoje fotografie<\/a><\/p>\n\n\n\n<p>W&nbsp;1983 roku pojawia si\u0119 jego pierwsza monografia \u201e\u015awiat Jana Saudka\u201d w&nbsp;j\u0119zykach: angielskim, niemieckim i&nbsp;francuskim.<br>W&nbsp;1984 roku, po&nbsp;latach pracy w&nbsp;fabryce otrzyma\u0142 zezwolenie na&nbsp;wykonywanie pracy fotografika i&nbsp;teraz wolny od&nbsp;przymusu zarabiania cotygodniowej pensji mo\u017ce si\u0119 po\u015bwi\u0119ci\u0107 wy\u0142\u0105cznie fotografowaniu. Po&nbsp;wieloletnim okresie ignorowania go&nbsp;jako artysty zostaje cz\u0142onkiem Zwi\u0105zku Artyst\u00f3w Czeskich.<\/p>\n\n\n\n<blockquote class=\"wp-block-quote is-layout-flow wp-block-quote-is-layout-flow\">\n<p><em><strong>W&nbsp;swoich pracach staram si\u0119 uchwyci\u0107 te&nbsp;wszystkie rzeczy, kt\u00f3re znam i&nbsp;kocham, a&nbsp;przede wszystkim chcia\u0142bym pozostawi\u0107 po&nbsp;sobie \u015blad czas\u00f3w, kt\u00f3re min\u0119\u0142y<\/strong><\/em><\/p>\n<cite>Jan Saudek<\/cite><\/blockquote>\n\n\n\n<figure class=\"wp-block-gallery has-nested-images columns-default is-cropped wp-block-gallery-3 is-layout-flex wp-block-gallery-is-layout-flex\">\n<figure class=\"wp-block-image size-large\"><a href=\"https:\/\/kwintesencja.art\/en\/product-tag\/saudek-jan\/\" target=\"_blank\" rel=\"noreferrer noopener\"><img loading=\"lazy\" decoding=\"async\" width=\"852\" height=\"1024\" data-id=\"2610\" src=\"https:\/\/kwintesencja.art\/wp-content\/uploads\/2022\/08\/IMG-20220718-WA0000-852x1024.jpg\" alt=\"\" class=\"wp-image-2610\" srcset=\"https:\/\/kwintesencja.art\/wp-content\/uploads\/2022\/08\/IMG-20220718-WA0000-852x1024.jpg 852w, https:\/\/kwintesencja.art\/wp-content\/uploads\/2022\/08\/IMG-20220718-WA0000-250x300.jpg 250w, https:\/\/kwintesencja.art\/wp-content\/uploads\/2022\/08\/IMG-20220718-WA0000-768x923.jpg 768w, https:\/\/kwintesencja.art\/wp-content\/uploads\/2022\/08\/IMG-20220718-WA0000-1279x1536.jpg 1279w, https:\/\/kwintesencja.art\/wp-content\/uploads\/2022\/08\/IMG-20220718-WA0000-600x721.jpg 600w, https:\/\/kwintesencja.art\/wp-content\/uploads\/2022\/08\/IMG-20220718-WA0000.jpg 1476w\" sizes=\"auto, (max-width: 852px) 100vw, 852px\" \/><\/a><\/figure>\n\n\n\n<figure class=\"wp-block-image size-large\"><a href=\"https:\/\/kwintesencja.art\/en\/product-tag\/saudek-jan\/\" target=\"_blank\" rel=\"noreferrer noopener\"><img loading=\"lazy\" decoding=\"async\" width=\"779\" height=\"1024\" data-id=\"2609\" src=\"https:\/\/kwintesencja.art\/wp-content\/uploads\/2022\/08\/IMG-20220718-WA0013-779x1024.jpg\" alt=\"\" class=\"wp-image-2609\" srcset=\"https:\/\/kwintesencja.art\/wp-content\/uploads\/2022\/08\/IMG-20220718-WA0013-779x1024.jpg 779w, https:\/\/kwintesencja.art\/wp-content\/uploads\/2022\/08\/IMG-20220718-WA0013-228x300.jpg 228w, https:\/\/kwintesencja.art\/wp-content\/uploads\/2022\/08\/IMG-20220718-WA0013-768x1010.jpg 768w, https:\/\/kwintesencja.art\/wp-content\/uploads\/2022\/08\/IMG-20220718-WA0013-1168x1536.jpg 1168w, https:\/\/kwintesencja.art\/wp-content\/uploads\/2022\/08\/IMG-20220718-WA0013-600x789.jpg 600w, https:\/\/kwintesencja.art\/wp-content\/uploads\/2022\/08\/IMG-20220718-WA0013.jpg 1467w\" sizes=\"auto, (max-width: 779px) 100vw, 779px\" \/><\/a><\/figure>\n\n\n\n<figure class=\"wp-block-image size-large\"><a href=\"https:\/\/kwintesencja.art\/en\/product-tag\/saudek-jan\/\" target=\"_blank\" rel=\"noreferrer noopener\"><img loading=\"lazy\" decoding=\"async\" width=\"799\" height=\"1024\" data-id=\"2608\" src=\"https:\/\/kwintesencja.art\/wp-content\/uploads\/2022\/08\/IMG-20220718-WA0015-799x1024.jpg\" alt=\"\" class=\"wp-image-2608\" srcset=\"https:\/\/kwintesencja.art\/wp-content\/uploads\/2022\/08\/IMG-20220718-WA0015-799x1024.jpg 799w, https:\/\/kwintesencja.art\/wp-content\/uploads\/2022\/08\/IMG-20220718-WA0015-234x300.jpg 234w, https:\/\/kwintesencja.art\/wp-content\/uploads\/2022\/08\/IMG-20220718-WA0015-768x985.jpg 768w, https:\/\/kwintesencja.art\/wp-content\/uploads\/2022\/08\/IMG-20220718-WA0015-1198x1536.jpg 1198w, https:\/\/kwintesencja.art\/wp-content\/uploads\/2022\/08\/IMG-20220718-WA0015-600x769.jpg 600w, https:\/\/kwintesencja.art\/wp-content\/uploads\/2022\/08\/IMG-20220718-WA0015.jpg 1482w\" sizes=\"auto, (max-width: 799px) 100vw, 799px\" \/><\/a><\/figure>\n<\/figure>\n\n\n\n<p>1988-1995 wsp\u00f3\u0142praca i&nbsp;wystawaw&nbsp;Galerie Torch w&nbsp;Amsterdamie, a&nbsp;od&nbsp;1990 z&nbsp;wydawcami \u201eArt Unlimited\u201d z&nbsp;Amsterdamu.<br>1989-91 sesja zdj\u0119ciowa dla japo\u0144skiej firmy Matsuda.<br>W&nbsp;1990 roku Jan Saudek zosta\u0142 uhonorowany tytu\u0142em \u201eChavalier des Arts et&nbsp;Letters\u201d<br>Od&nbsp;po\u0142owy lat dziwi\u0119\u0107dziesi\u0105tych po\u015bwi\u0119ca wi\u0119cej uwagi malarstwu, przenoszeniu wa\u017cnych motyw\u00f3w ze&nbsp;swoich fotografii na&nbsp;p\u0142\u00f3tno.<br>1998 Obszerna retrospekcja jego fotografii i&nbsp;obraz\u00f3w w&nbsp;Los Angeles w&nbsp;Bergamot Station Arts Center, BGH Gallery.<br>W&nbsp;2005 roku na&nbsp;70 urodziny Jana wydawnictwo Slovart wydaje du\u017c\u0105 publikacj\u0119 prac artysty, kt\u00f3ra&nbsp;natychmiast si\u0119 sprzedaje, a&nbsp;Sara Saudkova przygotowuje jego wielk\u0105 retrospektywn\u0105 wystaw\u0119.<br>W&nbsp;2006 roku Jan zostaje uhonorowany najwy\u017csza nagrod\u0105 \u201eArtis Bohemiae Amicis\u201d z&nbsp;r\u0105k Sekretarza Kultury, wraz z&nbsp;innymi znanymi pisarzami Vladim\u00edrem K\u00f6rnerem i&nbsp;Milanem Kunder\u0105.<br>W 2009 otrzyma\u0142 najwy\u017csz\u0105 francusk\u0105 nagrod\u0119 pa\u0144stwow\u0105 &#8211; Order Legii Honorowej oraz Medal Zas\u0142ugi.<\/p>\n\n\n\n<p>Jego fotografie go\u015bci\u0142y na&nbsp;ponad czterystu wystawach w&nbsp;r\u00f3\u017cnych zak\u0105tkach globu. W&nbsp;swych sta\u0142ych zbiorach maj\u0105 je&nbsp;m.in.&nbsp;nowojorska MoMa, paryskie Centrum Pompidou i&nbsp;J. Paul Getty Museum w&nbsp;Los Angeles.<br>Dzi\u015b maj\u0105c 87 lat wci\u0105\u017c jest czynnym fotografem, celebryt\u0105 i&nbsp;showmanem.<\/p>\n\n\n\n<p>Wystaw\u0119 Jana Saudka i Sary Saudkovej mo\u017cna ogl\u0105da\u0107 do 31.08. w Galerii \u201eChagall&#8221; w Czeskiej Ostravie.<br><strong>Do\u0142\u0105cz do&nbsp;FB, aby \u015bledzi\u0107 ciekawostki z&nbsp;\u017cycia artyst\u00f3w<\/strong> \u2013 <a href=\"https:\/\/www.facebook.com\/kwintesencja.art\/\" target=\"_blank\" rel=\"noreferrer noopener\">LINK DO&nbsp;FACEBOOKA<\/a><br><strong>Zobacz prace artyst\u00f3w w&nbsp;Galerii Sztuki Quintessence<\/strong> \u2013 <a href=\"https:\/\/kwintesencja.art\/en\/artysci\/\" target=\"_blank\" rel=\"noopener\">LINK DO&nbsp;GALERII<\/a><br>Zach\u0119camy tak\u017ce do zakupu prac Jana i Sary na aukcji Dzie\u0142 Sztuki: 2.10, godz. 20:00 &#8211; <a href=\"https:\/\/onebid.pl\/pl\/auction\/-\/3974\" target=\"_blank\" rel=\"noopener\">LINK DO AUKCJI<\/a><br><br>Foto g\u0142\u00f3wne &#8211; tytu\u0142owe (Jan na kolanach Sary): autor &#8211; Ond\u0159ej N\u011bmec<\/p>\n\n\n\n<p><\/p>","protected":false},"excerpt":{"rendered":"<p>Fotografia to cud &#8211; pozwala oswoi\u0107 i zatrzyma\u0107 czas, a tak\u017ce pokazuje nam to, co nieuchwytne: ruch, emocje, b\u00f3l i pi\u0119kno. Budzi w nas pami\u0119\u0107 &#8211; o wszystkim, co kochamy.<\/p>","protected":false},"author":2,"featured_media":2613,"comment_status":"open","ping_status":"open","sticky":false,"template":"","format":"standard","meta":{"_monsterinsights_skip_tracking":false,"_monsterinsights_sitenote_active":false,"_monsterinsights_sitenote_note":"","_monsterinsights_sitenote_category":0,"_themeisle_gutenberg_block_has_review":false,"footnotes":""},"categories":[1],"tags":[174,172,173,176,109,110,175],"class_list":["post-2597","post","type-post","status-publish","format-standard","has-post-thumbnail","hentry","category-fotografia","tag-analogowa","tag-fotografia","tag-fotografiaanalogowa","tag-galeriakwintesencja","tag-saudek","tag-saudkova","tag-wystawa"],"aioseo_notices":[],"_links":{"self":[{"href":"https:\/\/kwintesencja.art\/en\/wp-json\/wp\/v2\/posts\/2597","targetHints":{"allow":["GET"]}}],"collection":[{"href":"https:\/\/kwintesencja.art\/en\/wp-json\/wp\/v2\/posts"}],"about":[{"href":"https:\/\/kwintesencja.art\/en\/wp-json\/wp\/v2\/types\/post"}],"author":[{"embeddable":true,"href":"https:\/\/kwintesencja.art\/en\/wp-json\/wp\/v2\/users\/2"}],"replies":[{"embeddable":true,"href":"https:\/\/kwintesencja.art\/en\/wp-json\/wp\/v2\/comments?post=2597"}],"version-history":[{"count":11,"href":"https:\/\/kwintesencja.art\/en\/wp-json\/wp\/v2\/posts\/2597\/revisions"}],"predecessor-version":[{"id":5611,"href":"https:\/\/kwintesencja.art\/en\/wp-json\/wp\/v2\/posts\/2597\/revisions\/5611"}],"wp:featuredmedia":[{"embeddable":true,"href":"https:\/\/kwintesencja.art\/en\/wp-json\/wp\/v2\/media\/2613"}],"wp:attachment":[{"href":"https:\/\/kwintesencja.art\/en\/wp-json\/wp\/v2\/media?parent=2597"}],"wp:term":[{"taxonomy":"category","embeddable":true,"href":"https:\/\/kwintesencja.art\/en\/wp-json\/wp\/v2\/categories?post=2597"},{"taxonomy":"post_tag","embeddable":true,"href":"https:\/\/kwintesencja.art\/en\/wp-json\/wp\/v2\/tags?post=2597"}],"curies":[{"name":"wp","href":"https:\/\/api.w.org\/{rel}","templated":true}]}}