{"id":2529,"date":"2022-07-31T12:20:59","date_gmt":"2022-07-31T10:20:59","guid":{"rendered":"https:\/\/kwintesencja.art\/?p=2529"},"modified":"2022-11-19T16:21:22","modified_gmt":"2022-11-19T15:21:22","slug":"in-hoc-signo-vinces","status":"publish","type":"post","link":"https:\/\/kwintesencja.art\/en\/2022\/07\/31\/in-hoc-signo-vinces\/","title":{"rendered":"In hoc signo vinces"},"content":{"rendered":"<p>Najcz\u0119stsz\u0105 interpretacj\u0105 tego obrazu jest ta, \u017ce niebieska posta\u0107 to \u015bmier\u0107, w ko\u0142ysce jest nowe \u017cycie, a na \u015bcianie wisi ukrzy\u017cowany Chrystus. T\u0142umacz\u0105c dalej, \u017ce cz\u0142owiek, jako istota krucha od pocz\u0105tku jest skazany na trudy \u017cycia i \u015bmier\u0107, kt\u00f3ra towarzyszy mu od samych narodzin. Jedynym ratunkiem na \u017cycie wieczne jest Chrystus.<br>Ko\u0142yska mo\u017ce by\u0107 symbolem, marno\u015bci, hiperbol\u0105 cierpienia, a litera \u201eR\u201d mo\u017ce znaczy\u0107 \u201erabbi\u201d (co z hebrajskiego znaczy mistrz, nauczyciel)<br>Nad ko\u0142ysk\u0105 na \u015bcianie widnieje napis: \u201eIn hoc signo vinces (\u201ePod tym znakiem zwyci\u0119\u017cysz\u201d). Inskrypcja zwi\u0105zana jest z postaci\u0105 Konstantyna Wielkiego, kt\u00f3ry mia\u0142 widzenie pod \u015bwietlistym krzy\u017cem, przed bitw\u0105 z Maksencjuszem. Bitwa mia\u0142a miejsce w 312 roku i mia\u0142a zapocz\u0105tkowa\u0107 proces nawr\u00f3cenia si\u0119 cesarza na chrze\u015bcija\u0144stwo. <br>Ale dla Beksi\u0144skiego, znaczy\u0142o to zupe\u0142nie co\u015b innego&#8230;<\/p>\n\n\n\n<figure class=\"wp-block-image size-large is-resized\"><img loading=\"lazy\" decoding=\"async\" src=\"https:\/\/kwintesencja.art\/wp-content\/uploads\/2022\/07\/Kolyska_popr_lowres-1024x854.jpg\" alt=\"\" class=\"wp-image-2561\" width=\"1449\" height=\"1208\" srcset=\"https:\/\/kwintesencja.art\/wp-content\/uploads\/2022\/07\/Kolyska_popr_lowres-1024x854.jpg 1024w, https:\/\/kwintesencja.art\/wp-content\/uploads\/2022\/07\/Kolyska_popr_lowres-300x250.jpg 300w, https:\/\/kwintesencja.art\/wp-content\/uploads\/2022\/07\/Kolyska_popr_lowres-768x641.jpg 768w, https:\/\/kwintesencja.art\/wp-content\/uploads\/2022\/07\/Kolyska_popr_lowres-1536x1281.jpg 1536w, https:\/\/kwintesencja.art\/wp-content\/uploads\/2022\/07\/Kolyska_popr_lowres-600x500.jpg 600w, https:\/\/kwintesencja.art\/wp-content\/uploads\/2022\/07\/Kolyska_popr_lowres.jpg 1772w\" sizes=\"auto, (max-width: 1449px) 100vw, 1449px\" \/><figcaption class=\"wp-element-caption\"><br>AC74, zwany potocznie Ko\u0142ysk\u0105 &#8211; Zdzis\u0142aw Beksi\u0144ski<\/figcaption><\/figure>\n\n\n\n<p class=\"has-drop-cap\">Zdzis\u0142aw Beksi\u0144ski by\u0142 jednym z najbardziej znanych malarzy polskich XX wieku. Jego surrealistyczne wizje koszmar\u00f3w sennych, \u015bmierci oraz przemijania na trwa\u0142e wpisa\u0142y si\u0119 w polsk\u0105 kultur\u0119.<br>Absolwent architektury na Politechnice Krakowskiej. Pocz\u0105tkowo fotograf, potem rysownik, grafik i malarz. W swej tw\u00f3rczo\u015bci na pocz\u0105tku lat 60. z powodzeniem zajmowa\u0142 si\u0119 tak\u017ce rze\u017ab\u0105. By\u0142 cz\u0142onkiem Zwi\u0105zku Polskich Artyst\u00f3w Plastyk\u00f3w.<br>Po studiach wr\u00f3ci\u0142 do rodzinnego Sanoka, gdzie o\u017ceni\u0142 si\u0119 w 1951 roku z Zofi\u0105 Stankiewicz.<br>W 1958 r. urodzi\u0142 im si\u0119 syn Tomasz.<\/p>\n\n\n\n<figure class=\"wp-block-gallery has-nested-images columns-default is-cropped wp-block-gallery-1 is-layout-flex wp-block-gallery-is-layout-flex\">\n<figure class=\"wp-block-image size-large\"><img loading=\"lazy\" decoding=\"async\" width=\"791\" height=\"581\" data-id=\"2538\" src=\"https:\/\/kwintesencja.art\/wp-content\/uploads\/2022\/07\/04.jpg\" alt=\"\" class=\"wp-image-2538\" srcset=\"https:\/\/kwintesencja.art\/wp-content\/uploads\/2022\/07\/04.jpg 791w, https:\/\/kwintesencja.art\/wp-content\/uploads\/2022\/07\/04-300x220.jpg 300w, https:\/\/kwintesencja.art\/wp-content\/uploads\/2022\/07\/04-768x564.jpg 768w, https:\/\/kwintesencja.art\/wp-content\/uploads\/2022\/07\/04-600x441.jpg 600w\" sizes=\"auto, (max-width: 791px) 100vw, 791px\" \/><\/figure>\n\n\n\n<figure class=\"wp-block-image size-large\"><img loading=\"lazy\" decoding=\"async\" width=\"687\" height=\"795\" data-id=\"2537\" src=\"https:\/\/kwintesencja.art\/wp-content\/uploads\/2022\/07\/13.jpg\" alt=\"\" class=\"wp-image-2537\" srcset=\"https:\/\/kwintesencja.art\/wp-content\/uploads\/2022\/07\/13.jpg 687w, https:\/\/kwintesencja.art\/wp-content\/uploads\/2022\/07\/13-259x300.jpg 259w, https:\/\/kwintesencja.art\/wp-content\/uploads\/2022\/07\/13-600x694.jpg 600w\" sizes=\"auto, (max-width: 687px) 100vw, 687px\" \/><\/figure>\n\n\n\n<figure class=\"wp-block-image size-large\"><img loading=\"lazy\" decoding=\"async\" width=\"804\" height=\"765\" data-id=\"2539\" src=\"https:\/\/kwintesencja.art\/wp-content\/uploads\/2022\/07\/15a.jpg\" alt=\"\" class=\"wp-image-2539\" srcset=\"https:\/\/kwintesencja.art\/wp-content\/uploads\/2022\/07\/15a.jpg 804w, https:\/\/kwintesencja.art\/wp-content\/uploads\/2022\/07\/15a-300x285.jpg 300w, https:\/\/kwintesencja.art\/wp-content\/uploads\/2022\/07\/15a-768x731.jpg 768w, https:\/\/kwintesencja.art\/wp-content\/uploads\/2022\/07\/15a-600x571.jpg 600w\" sizes=\"auto, (max-width: 804px) 100vw, 804px\" \/><\/figure>\n<\/figure>\n\n\n\n<p>Na prze\u0142omie lat 50. i 60. Beksi\u0144ski tworzy abstrakcyjne reliefy, wykonane ze sztucznych tworzyw, blachy i drutu oraz gipsowe rze\u017aby i p\u0142askorze\u017aby. R\u00f3wnocze\u015bnie powstaj\u0105 bardzo ekspresyjne pastele, pe\u0142ne zdeformowanych, p\u00f3\u0142abstrakcyjnych ludzkich postaci.<\/p>\n\n\n\n<figure class=\"wp-block-gallery has-nested-images columns-default is-cropped wp-block-gallery-2 is-layout-flex wp-block-gallery-is-layout-flex\">\n<figure class=\"wp-block-image size-full\"><img loading=\"lazy\" decoding=\"async\" width=\"447\" height=\"796\" data-id=\"2543\" src=\"https:\/\/kwintesencja.art\/wp-content\/uploads\/2022\/07\/07.jpg\" alt=\"\" class=\"wp-image-2543\" srcset=\"https:\/\/kwintesencja.art\/wp-content\/uploads\/2022\/07\/07.jpg 447w, https:\/\/kwintesencja.art\/wp-content\/uploads\/2022\/07\/07-168x300.jpg 168w\" sizes=\"auto, (max-width: 447px) 100vw, 447px\" \/><\/figure>\n\n\n\n<figure class=\"wp-block-image size-large\"><img loading=\"lazy\" decoding=\"async\" width=\"483\" height=\"651\" data-id=\"2542\" src=\"https:\/\/kwintesencja.art\/wp-content\/uploads\/2022\/07\/09.jpg\" alt=\"\" class=\"wp-image-2542\" srcset=\"https:\/\/kwintesencja.art\/wp-content\/uploads\/2022\/07\/09.jpg 483w, https:\/\/kwintesencja.art\/wp-content\/uploads\/2022\/07\/09-223x300.jpg 223w\" sizes=\"auto, (max-width: 483px) 100vw, 483px\" \/><\/figure>\n\n\n\n<figure class=\"wp-block-image size-large\"><img loading=\"lazy\" decoding=\"async\" width=\"635\" height=\"796\" data-id=\"2541\" src=\"https:\/\/kwintesencja.art\/wp-content\/uploads\/2022\/07\/08a.jpg\" alt=\"\" class=\"wp-image-2541\" srcset=\"https:\/\/kwintesencja.art\/wp-content\/uploads\/2022\/07\/08a.jpg 635w, https:\/\/kwintesencja.art\/wp-content\/uploads\/2022\/07\/08a-239x300.jpg 239w, https:\/\/kwintesencja.art\/wp-content\/uploads\/2022\/07\/08a-600x752.jpg 600w\" sizes=\"auto, (max-width: 635px) 100vw, 635px\" \/><\/figure>\n<\/figure>\n\n\n\n<p>W drugiej po\u0142owie lat 50. Beksi\u0144ski kojarzony jest g\u0142\u00f3wnie z fotografi\u0105. Zostaje cz\u0142onkiem Zwi\u0105zku Polskich Artyst\u00f3w Fotografik\u00f3w i wystawia swoje prace prowokuj\u0105c bardzo rozbie\u017cne opinie krytyki.<br>W 1959 roku na wystawie w Gliwickim Towarzystwie Fotograficznym, Beksi\u0144ski zaprezentowa\u0142 s\u0142ynn\u0105 prac\u0119 \u201eGorsety sadysty\u201d oraz zestaw czternastu prac bez tytu\u0142u, kt\u00f3re powsta\u0142y z inspiracji surrealistyczn\u0105 fotografi\u0105. W zestawach Beksi\u0144ski wykorzysta\u0142 zdj\u0119cia, ilustracje z czasopism, stare negatywy oraz reprodukcje tekst\u00f3w.<\/p>\n\n\n\n<figure class=\"wp-block-gallery has-nested-images columns-default is-cropped wp-block-gallery-3 is-layout-flex wp-block-gallery-is-layout-flex\">\n<figure class=\"wp-block-image size-large\"><img loading=\"lazy\" decoding=\"async\" width=\"244\" height=\"400\" data-id=\"2544\" src=\"https:\/\/kwintesencja.art\/wp-content\/uploads\/2022\/07\/12.jpg\" alt=\"\" class=\"wp-image-2544\" srcset=\"https:\/\/kwintesencja.art\/wp-content\/uploads\/2022\/07\/12.jpg 244w, https:\/\/kwintesencja.art\/wp-content\/uploads\/2022\/07\/12-183x300.jpg 183w\" sizes=\"auto, (max-width: 244px) 100vw, 244px\" \/><\/figure>\n\n\n\n<figure class=\"wp-block-image size-large\"><img loading=\"lazy\" decoding=\"async\" width=\"545\" height=\"798\" data-id=\"2546\" src=\"https:\/\/kwintesencja.art\/wp-content\/uploads\/2022\/07\/12a.jpg\" alt=\"\" class=\"wp-image-2546\" srcset=\"https:\/\/kwintesencja.art\/wp-content\/uploads\/2022\/07\/12a.jpg 545w, https:\/\/kwintesencja.art\/wp-content\/uploads\/2022\/07\/12a-205x300.jpg 205w\" sizes=\"auto, (max-width: 545px) 100vw, 545px\" \/><\/figure>\n\n\n\n<figure class=\"wp-block-image size-large\"><img loading=\"lazy\" decoding=\"async\" width=\"487\" height=\"647\" data-id=\"2545\" src=\"https:\/\/kwintesencja.art\/wp-content\/uploads\/2022\/07\/11.jpg\" alt=\"\" class=\"wp-image-2545\" srcset=\"https:\/\/kwintesencja.art\/wp-content\/uploads\/2022\/07\/11.jpg 487w, https:\/\/kwintesencja.art\/wp-content\/uploads\/2022\/07\/11-226x300.jpg 226w\" sizes=\"auto, (max-width: 487px) 100vw, 487px\" \/><\/figure>\n<\/figure>\n\n\n\n<p>W tym czasie opublikowa\u0142 jeden z najwa\u017cniejszych tekst\u00f3w na temat fotografii, jakie napisano w Polsce w XX wieku pt. &#8220;Kryzys w fotografice i perspektywy jego przezwyci\u0119\u017cenia&#8221;.<br>Jego dorobek fotograficzny licz\u0105cy sto kilkadziesi\u0105t fotografii, znajduje si\u0119 w Muzeum Narodowym we Wroc\u0142awiu i nale\u017cy do najwa\u017cniejszych osi\u0105gni\u0119\u0107 fotografii polskiej XX wieku.<br><br>W 1960 r. Beksi\u0144ski zarzuca fotografi\u0119 i po\u015bwi\u0119ca si\u0119 malarstwu. W tym okresie jest jednym z najciekawszych polskich malarzy. Odwo\u0142uje si\u0119 do poezji Rainera Marii Rilkego i tre\u015bci egzystencjalnych.<br>Du\u017ce znacznie dla jego kariery artystycznej ma wystawa w Starej Pomara\u0144czarni w warszawskich \u0141azienkach Kr\u00f3lewskich zorganizowana przez Janusza Boguckiego w 1964 roku. Beksi\u0144ski pokazuje na niej 31 obraz\u00f3w, 22 rze\u017aby, 33 grafiki i a\u017c 116 rysunk\u00f3w. Krytycy podkre\u015blali bogactwo form, wyobra\u017ani\u0119 i ekspresyjno\u015b\u0107 sztuki Beksi\u0144skiego. Wystawa spowodowa\u0142a, \u017ce artysta sta\u0142 si\u0119 modny i popularny, a \u015brodowisko krytyk\u00f3w traktowa\u0142o go ju\u017c jako prawdziwego, cho\u0107 nadal bardzo kontrowersyjnego artyst\u0119.<\/p>\n\n\n\n<figure class=\"wp-block-gallery has-nested-images columns-default is-cropped wp-block-gallery-4 is-layout-flex wp-block-gallery-is-layout-flex\">\n<figure class=\"wp-block-image size-large\"><img loading=\"lazy\" decoding=\"async\" width=\"692\" height=\"695\" data-id=\"2548\" src=\"https:\/\/kwintesencja.art\/wp-content\/uploads\/2022\/07\/26a.jpg\" alt=\"\" class=\"wp-image-2548\" srcset=\"https:\/\/kwintesencja.art\/wp-content\/uploads\/2022\/07\/26a.jpg 692w, https:\/\/kwintesencja.art\/wp-content\/uploads\/2022\/07\/26a-300x300.jpg 300w, https:\/\/kwintesencja.art\/wp-content\/uploads\/2022\/07\/26a-150x150.jpg 150w, https:\/\/kwintesencja.art\/wp-content\/uploads\/2022\/07\/26a-600x603.jpg 600w, https:\/\/kwintesencja.art\/wp-content\/uploads\/2022\/07\/26a-100x100.jpg 100w\" sizes=\"auto, (max-width: 692px) 100vw, 692px\" \/><\/figure>\n\n\n\n<figure class=\"wp-block-image size-large\"><img loading=\"lazy\" decoding=\"async\" width=\"791\" height=\"795\" data-id=\"2547\" src=\"https:\/\/kwintesencja.art\/wp-content\/uploads\/2022\/07\/27.jpg\" alt=\"\" class=\"wp-image-2547\" srcset=\"https:\/\/kwintesencja.art\/wp-content\/uploads\/2022\/07\/27.jpg 791w, https:\/\/kwintesencja.art\/wp-content\/uploads\/2022\/07\/27-298x300.jpg 298w, https:\/\/kwintesencja.art\/wp-content\/uploads\/2022\/07\/27-150x150.jpg 150w, https:\/\/kwintesencja.art\/wp-content\/uploads\/2022\/07\/27-768x772.jpg 768w, https:\/\/kwintesencja.art\/wp-content\/uploads\/2022\/07\/27-600x603.jpg 600w, https:\/\/kwintesencja.art\/wp-content\/uploads\/2022\/07\/27-100x100.jpg 100w\" sizes=\"auto, (max-width: 791px) 100vw, 791px\" \/><\/figure>\n<\/figure>\n\n\n\n<p>W latach 70. w tw\u00f3rczo\u015bci Beksi\u0144skiego stopniowo zmienia si\u0119 tematyka. Od 1972r wyra\u017anie mniej jest czaszek, upior\u00f3w, rozk\u0142adaj\u0105cych si\u0119 cia\u0142, a pojawiaj\u0105 si\u0119 wielkie nastrojowe pejza\u017ce pe\u0142ne tajemniczych budowli i ruin poro\u015bni\u0119tych paj\u0119czyn\u0105 i traw\u0105.<br>W 1977 r. rodzinny dom artysty w Sanoku przeznaczony zosta\u0142 do rozbi\u00f3rki i artysta przeprowadza si\u0119 do bloku w Warszawie.<\/p>\n\n\n\n<figure class=\"wp-block-gallery has-nested-images columns-default is-cropped wp-block-gallery-5 is-layout-flex wp-block-gallery-is-layout-flex\">\n<figure class=\"wp-block-image size-large\"><img loading=\"lazy\" decoding=\"async\" width=\"787\" height=\"470\" data-id=\"2550\" src=\"https:\/\/kwintesencja.art\/wp-content\/uploads\/2022\/07\/20.jpg\" alt=\"\" class=\"wp-image-2550\" srcset=\"https:\/\/kwintesencja.art\/wp-content\/uploads\/2022\/07\/20.jpg 787w, https:\/\/kwintesencja.art\/wp-content\/uploads\/2022\/07\/20-300x179.jpg 300w, https:\/\/kwintesencja.art\/wp-content\/uploads\/2022\/07\/20-768x459.jpg 768w, https:\/\/kwintesencja.art\/wp-content\/uploads\/2022\/07\/20-600x358.jpg 600w\" sizes=\"auto, (max-width: 787px) 100vw, 787px\" \/><\/figure>\n\n\n\n<figure class=\"wp-block-image size-large\"><img loading=\"lazy\" decoding=\"async\" width=\"789\" height=\"512\" data-id=\"2549\" src=\"https:\/\/kwintesencja.art\/wp-content\/uploads\/2022\/07\/22-Wawa.jpg\" alt=\"\" class=\"wp-image-2549\" srcset=\"https:\/\/kwintesencja.art\/wp-content\/uploads\/2022\/07\/22-Wawa.jpg 789w, https:\/\/kwintesencja.art\/wp-content\/uploads\/2022\/07\/22-Wawa-300x195.jpg 300w, https:\/\/kwintesencja.art\/wp-content\/uploads\/2022\/07\/22-Wawa-768x498.jpg 768w, https:\/\/kwintesencja.art\/wp-content\/uploads\/2022\/07\/22-Wawa-600x389.jpg 600w\" sizes=\"auto, (max-width: 789px) 100vw, 789px\" \/><\/figure>\n<\/figure>\n\n\n\n<blockquote class=\"wp-block-quote is-layout-flow wp-block-quote-is-layout-flow\">\n<p><em><strong>\u201eLubi\u0119 si\u0119 zgubi\u0107 w t\u0142umie, bo wtedy si\u0119 nie wyr\u00f3\u017cniam i czuj\u0119 si\u0119 dobrze. Najch\u0119tniej mieszka\u0142bym w Hamburgu albo w Nowym Yorku, w takim gotuj\u0105cym si\u0119 piekielnym kotle, monstrualnym skupisku ludzi. Dla mnie jako mi\u0142o\u015bnika sztuczno\u015bci, nienawidz\u0105cego d\u017awi\u0119k\u00f3w ps\u00f3w, ma\u0142ych dzieci, ptak\u00f3w, wi\u0119kszo\u015b\u0107 d\u017awi\u0119k\u00f3w jakie wydaje Warszawa, a wi\u0119c samochody, tramwaje, samoloty to d\u017awi\u0119ki w zasadzie oboj\u0119tne a nawet mi\u0142e dla ucha je\u015bli por\u00f3wna si\u0119 je z cisz\u0105 idealn\u0105\u201d<\/strong><\/em><\/p>\n<cite>Zdzis\u0142aw Beksi\u0144ski<\/cite><\/blockquote>\n\n\n\n<p>Tw\u00f3rczo\u015b\u0107 Beksi\u0144skiego z lat 80. nawi\u0105zywa\u0142a do malarstwa barokowego, malarstwa XIX w. i abstrakcji, co zapocz\u0105tkowa\u0142o indywidualny styl artysty przez niego samego nazwany: &#8220;fotografowaniem sn\u00f3w&#8221;.<\/p>\n\n\n\n<figure class=\"wp-block-gallery has-nested-images columns-default is-cropped wp-block-gallery-6 is-layout-flex wp-block-gallery-is-layout-flex\">\n<figure class=\"wp-block-image size-large\"><img loading=\"lazy\" decoding=\"async\" width=\"595\" height=\"708\" data-id=\"2552\" src=\"https:\/\/kwintesencja.art\/wp-content\/uploads\/2022\/07\/27a.jpg\" alt=\"\" class=\"wp-image-2552\" srcset=\"https:\/\/kwintesencja.art\/wp-content\/uploads\/2022\/07\/27a.jpg 595w, https:\/\/kwintesencja.art\/wp-content\/uploads\/2022\/07\/27a-252x300.jpg 252w\" sizes=\"auto, (max-width: 595px) 100vw, 595px\" \/><\/figure>\n\n\n\n<figure class=\"wp-block-image size-large\"><img loading=\"lazy\" decoding=\"async\" width=\"799\" height=\"662\" data-id=\"2551\" src=\"https:\/\/kwintesencja.art\/wp-content\/uploads\/2022\/07\/30.jpg\" alt=\"\" class=\"wp-image-2551\" srcset=\"https:\/\/kwintesencja.art\/wp-content\/uploads\/2022\/07\/30.jpg 799w, https:\/\/kwintesencja.art\/wp-content\/uploads\/2022\/07\/30-300x249.jpg 300w, https:\/\/kwintesencja.art\/wp-content\/uploads\/2022\/07\/30-768x636.jpg 768w, https:\/\/kwintesencja.art\/wp-content\/uploads\/2022\/07\/30-600x497.jpg 600w\" sizes=\"auto, (max-width: 799px) 100vw, 799px\" \/><\/figure>\n<\/figure>\n\n\n\n<p>W tym okresie ma ju\u017c swoje du\u017ce wystawy w Kolonii w Niemczech, w Warszawie, a w 1985 roku w Pary\u017cu. Kolejne wystawy odby\u0142y si\u0119 w Rzeszowie (1987), w BWA w Poznaniu (1988), w Pary\u017cu (1989), w Osace w Japonii (1990), w Ko\u0142obrzegu, S\u0142upsku, Olsztynie i w 1994 na KUL-u w Lublinie. Tutaj podczas konferencji prasowej, Beksi\u0144ski zapytany o genez\u0119 tw\u00f3rczo\u015bci, przekazywane tre\u015bci i tragizm emanuj\u0105cy z jego obraz\u00f3w &#8211; odpowiedzia\u0142, \u017ce jego malarstwo wyrasta z abstrakcjonizmu, a cz\u0119sto powtarzane interpretacje doszukuj\u0105ce si\u0119 dramatyzmu w tragedii wojny &#8211; nie maj\u0105 uzasadnienia.<\/p>\n\n\n\n<blockquote class=\"wp-block-quote is-layout-flow wp-block-quote-is-layout-flow\">\n<p><strong>\u201cImpulsem dla powstania obrazu jest zwykle impresja. Przychodzi mi pomys\u0142 do g\u0142owy &#8211; maluj\u0119. Na moim obrazie znacznie wi\u0119cej jest rzeczy zamalowanych, ni\u017c tych kt\u00f3re wida\u0107 na wierzchu. Malowanie obrazu jest dla mnie przygod\u0105 prze\u017cywan\u0105 z p\u0119dzlem w r\u0119ku przed kawa\u0142kiem p\u0142yty pil\u015bniowej. Mo\u017ce jest to jaka\u015b walka z przemijaniem.\u201d<\/strong><\/p>\n<cite>Zdzis\u0142aw Beksi\u0144ski<\/cite><\/blockquote>\n\n\n\n<p>W 1995 r. odby\u0142a si\u0119 wystawa w Muzeum Archidiecezji Warszawskiej.<br>Te prace r\u00f3\u017cni\u0105 si\u0119 nieco od tych, kt\u00f3re mieli\u015bmy okazj\u0119 ogl\u0105da\u0107 dotychczas. Artysta nie maluje ju\u017c \u201epejza\u017cy metafizycznych\u201d kt\u00f3re sta\u0142y si\u0119 przed laty jego wizyt\u00f3wk\u0105. W tym momencie barwy s\u0105 bardziej stonowane, a na obrazach cz\u0119\u015bciej pojawiaj\u0105 si\u0119 ludzkie postacie.<\/p>\n\n\n\n<figure class=\"wp-block-gallery has-nested-images columns-default is-cropped wp-block-gallery-7 is-layout-flex wp-block-gallery-is-layout-flex\">\n<figure class=\"wp-block-image size-large\"><img loading=\"lazy\" decoding=\"async\" width=\"541\" height=\"735\" data-id=\"2553\" src=\"https:\/\/kwintesencja.art\/wp-content\/uploads\/2022\/07\/35.jpg\" alt=\"\" class=\"wp-image-2553\" srcset=\"https:\/\/kwintesencja.art\/wp-content\/uploads\/2022\/07\/35.jpg 541w, https:\/\/kwintesencja.art\/wp-content\/uploads\/2022\/07\/35-221x300.jpg 221w\" sizes=\"auto, (max-width: 541px) 100vw, 541px\" \/><\/figure>\n\n\n\n<figure class=\"wp-block-image size-large\"><img loading=\"lazy\" decoding=\"async\" width=\"538\" height=\"744\" data-id=\"2554\" src=\"https:\/\/kwintesencja.art\/wp-content\/uploads\/2022\/07\/36.jpg\" alt=\"\" class=\"wp-image-2554\" srcset=\"https:\/\/kwintesencja.art\/wp-content\/uploads\/2022\/07\/36.jpg 538w, https:\/\/kwintesencja.art\/wp-content\/uploads\/2022\/07\/36-217x300.jpg 217w\" sizes=\"auto, (max-width: 538px) 100vw, 538px\" \/><\/figure>\n<\/figure>\n\n\n\n<p>Od ko\u0144ca lat 90. artysta tworzy tak\u017ce grafiki cyfrowe, wykorzystuj\u0105c w nich swoje zdj\u0119cia, kt\u00f3re poddaje obr\u00f3bce komputerowej. W kwietniu 1999 r. odbywa si\u0119 pierwsza wystawa fotomonta\u017cy w Galerii Sztuki Wsp\u00f3\u0142czesnej w Gliwicach. Nie spotykaj\u0105 si\u0119 jednak one z du\u017cym zainteresowaniem.<\/p>\n\n\n\n<figure class=\"wp-block-gallery has-nested-images columns-default is-cropped wp-block-gallery-8 is-layout-flex wp-block-gallery-is-layout-flex\">\n<figure class=\"wp-block-image size-large\"><img loading=\"lazy\" decoding=\"async\" width=\"793\" height=\"581\" data-id=\"2555\" src=\"https:\/\/kwintesencja.art\/wp-content\/uploads\/2022\/07\/31.jpg\" alt=\"\" class=\"wp-image-2555\" srcset=\"https:\/\/kwintesencja.art\/wp-content\/uploads\/2022\/07\/31.jpg 793w, https:\/\/kwintesencja.art\/wp-content\/uploads\/2022\/07\/31-300x220.jpg 300w, https:\/\/kwintesencja.art\/wp-content\/uploads\/2022\/07\/31-768x563.jpg 768w, https:\/\/kwintesencja.art\/wp-content\/uploads\/2022\/07\/31-600x440.jpg 600w\" sizes=\"auto, (max-width: 793px) 100vw, 793px\" \/><\/figure>\n\n\n\n<figure class=\"wp-block-image size-large\"><img loading=\"lazy\" decoding=\"async\" width=\"792\" height=\"594\" data-id=\"2556\" src=\"https:\/\/kwintesencja.art\/wp-content\/uploads\/2022\/07\/32.jpg\" alt=\"\" class=\"wp-image-2556\" srcset=\"https:\/\/kwintesencja.art\/wp-content\/uploads\/2022\/07\/32.jpg 792w, https:\/\/kwintesencja.art\/wp-content\/uploads\/2022\/07\/32-300x225.jpg 300w, https:\/\/kwintesencja.art\/wp-content\/uploads\/2022\/07\/32-768x576.jpg 768w, https:\/\/kwintesencja.art\/wp-content\/uploads\/2022\/07\/32-600x450.jpg 600w\" sizes=\"auto, (max-width: 792px) 100vw, 792px\" \/><\/figure>\n\n\n\n<figure class=\"wp-block-image size-large\"><img loading=\"lazy\" decoding=\"async\" width=\"793\" height=\"553\" data-id=\"2557\" src=\"https:\/\/kwintesencja.art\/wp-content\/uploads\/2022\/07\/33.jpg\" alt=\"\" class=\"wp-image-2557\" srcset=\"https:\/\/kwintesencja.art\/wp-content\/uploads\/2022\/07\/33.jpg 793w, https:\/\/kwintesencja.art\/wp-content\/uploads\/2022\/07\/33-300x209.jpg 300w, https:\/\/kwintesencja.art\/wp-content\/uploads\/2022\/07\/33-768x536.jpg 768w, https:\/\/kwintesencja.art\/wp-content\/uploads\/2022\/07\/33-600x418.jpg 600w\" sizes=\"auto, (max-width: 793px) 100vw, 793px\" \/><\/figure>\n<\/figure>\n\n\n\n<p>W 1999 r. w wigili\u0119 Bo\u017cego Narodzenia, syn artysty \u2013 Tomasz, znany radiowy prezenter muzyczny, pope\u0142nia samob\u00f3jstwo.<br>Po 2000 roku Beksi\u0144ski ma kolejne indywidualne wystawy: w Cz\u0119stochowie, w Rzeszowie, Gda\u0144sku, Warszawie, Sanoku, G\u0142ogowie i Tarnowie.<br>W swoich wernisa\u017cach nigdy nie uczestniczy, poniewa\u017c cierpi na problemy gastryczne, a wyst\u0105pienie publiczne wi\u0105\u017c\u0105 si\u0119 dla niego z potwornym stresem. Jedynie w Muzeum Historii Miasta \u0141odzi uczestniczy w multimedialnym spotkaniu, dzi\u0119ki tele-transmisji, siedz\u0105c wygodnie w warszawskiej pracowni.<br>21 lutego 2005 roku Zdzis\u0142aw Beksi\u0144ski zosta\u0142 zamordowany w swoim mieszkaniu na 3 dni przed swoimi 76. urodzinami.<\/p>\n\n\n\n<figure class=\"wp-block-gallery has-nested-images columns-default is-cropped wp-block-gallery-9 is-layout-flex wp-block-gallery-is-layout-flex\">\n<figure class=\"wp-block-image size-large\"><img loading=\"lazy\" decoding=\"async\" width=\"784\" height=\"518\" data-id=\"2558\" src=\"https:\/\/kwintesencja.art\/wp-content\/uploads\/2022\/07\/23.jpg\" alt=\"\" class=\"wp-image-2558\" srcset=\"https:\/\/kwintesencja.art\/wp-content\/uploads\/2022\/07\/23.jpg 784w, https:\/\/kwintesencja.art\/wp-content\/uploads\/2022\/07\/23-300x198.jpg 300w, https:\/\/kwintesencja.art\/wp-content\/uploads\/2022\/07\/23-768x507.jpg 768w, https:\/\/kwintesencja.art\/wp-content\/uploads\/2022\/07\/23-600x396.jpg 600w\" sizes=\"auto, (max-width: 784px) 100vw, 784px\" \/><\/figure>\n\n\n\n<figure class=\"wp-block-image size-large\"><img loading=\"lazy\" decoding=\"async\" width=\"788\" height=\"771\" data-id=\"2559\" src=\"https:\/\/kwintesencja.art\/wp-content\/uploads\/2022\/07\/24.jpg\" alt=\"\" class=\"wp-image-2559\" srcset=\"https:\/\/kwintesencja.art\/wp-content\/uploads\/2022\/07\/24.jpg 788w, https:\/\/kwintesencja.art\/wp-content\/uploads\/2022\/07\/24-300x294.jpg 300w, https:\/\/kwintesencja.art\/wp-content\/uploads\/2022\/07\/24-768x751.jpg 768w, https:\/\/kwintesencja.art\/wp-content\/uploads\/2022\/07\/24-600x587.jpg 600w\" sizes=\"auto, (max-width: 788px) 100vw, 788px\" \/><\/figure>\n\n\n\n<figure class=\"wp-block-image size-large\"><img loading=\"lazy\" decoding=\"async\" width=\"1024\" height=\"681\" data-id=\"2560\" src=\"https:\/\/kwintesencja.art\/wp-content\/uploads\/2022\/07\/Tomasz-Beksinski-1024x681.jpg\" alt=\"\" class=\"wp-image-2560\" srcset=\"https:\/\/kwintesencja.art\/wp-content\/uploads\/2022\/07\/Tomasz-Beksinski-1024x681.jpg 1024w, https:\/\/kwintesencja.art\/wp-content\/uploads\/2022\/07\/Tomasz-Beksinski-300x199.jpg 300w, https:\/\/kwintesencja.art\/wp-content\/uploads\/2022\/07\/Tomasz-Beksinski-768x511.jpg 768w, https:\/\/kwintesencja.art\/wp-content\/uploads\/2022\/07\/Tomasz-Beksinski-1536x1021.jpg 1536w, https:\/\/kwintesencja.art\/wp-content\/uploads\/2022\/07\/Tomasz-Beksinski-2048x1361.jpg 2048w, https:\/\/kwintesencja.art\/wp-content\/uploads\/2022\/07\/Tomasz-Beksinski-600x399.jpg 600w\" sizes=\"auto, (max-width: 1024px) 100vw, 1024px\" \/><\/figure>\n<\/figure>\n\n\n\n<p>Ciekawostki o Arty\u015bcie:<\/p>\n\n\n\n<ul class=\"wp-block-list\">\n<li>Po maturze zdawa\u0142 zar\u00f3wno na architektur\u0119, jak i na Akademi\u0119 Sztuk Pi\u0119knych. Na oba kierunki si\u0119 dosta\u0142, ale z woli ojca wybra\u0142 architektur\u0119. Marzy\u0142 jednak o szkole filmowej i zawodzie re\u017cysera. Po latach stwierdzi\u0142: \u201eNie znosi\u0142em architektury, bo architektura to plan, projekt i nudna jak pi\u0142a realizacja\u201d<\/li>\n\n\n\n<li>Na architekturze uczy\u0142 si\u0119 rysunku, ale nigdy nie osi\u0105gn\u0105\u0142 z tego przedmiotu wi\u0119cej ni\u017c 3+. Malarstwa nigdy nie studiowa\u0142, a za histori\u0105 sztuki nie przepada\u0142.<\/li>\n\n\n\n<li>Artysta cierpia\u0142 na nerwic\u0119 natr\u0119ctw od wcze\u015bniej m\u0142odo\u015bci. Nerwice zmienia\u0142y si\u0119 na przestrzeni lat, ale jedna pozostawa\u0142a sta\u0142a, jak m\u00f3wi\u0142: \u201emoje \u017cycie zdominowane jest przez nerwicow\u0105 sraczk\u0119, i tyle. St\u0105d niech\u0119\u0107 do podr\u00f3\u017cy, a ju\u017c oboj\u0119tnym pozostaje, czy podr\u00f3\u017c dotyczy wyw\u00f3zki na Syberi\u0119, czy wycieczki jachtem dooko\u0142a \u015bwiata. (\u2026) WSZYSTKO, co odrywa mnie od BAZY (jak\u0105 jest dom lub oddane do w\u0142asnej dyspozycji mieszkanie), nara\u017ca mnie na swoi\u015bcie uwarunkowane napi\u0119cie nerwowe\u201d. Z tego wzgl\u0119du stara\u0142 si\u0119 unika\u0107 jak najbardziej zmian, podr\u00f3\u017cy, niezapowiedzianych wizyt czy nieoczekiwanych wydarze\u0144.<\/li>\n\n\n\n<li>Artysta fotografowa\u0142 r\u00f3\u017cne fragmenty rzeczywisto\u015bci maj\u0105c nadzieje, \u017ce p\u00f3\u017aniej przydadz\u0105 mu si\u0119 przy tworzeniu fotomonta\u017cy. W Polsce odby\u0142o si\u0119 pi\u0119\u0107 wystaw fotomonta\u017cy, jednak nikt nie by\u0142 zainteresowany kupnem. Beksi\u0144ski rozdawa\u0142 za darmo dyskietki ze swoim pracami.<\/li>\n\n\n\n<li>Pracownia artysty zawsze by\u0142a wyposa\u017cona w system nag\u0142a\u015bniaj\u0105cy muzyk\u0119. Beksi\u0144ski lubi\u0142 tworzy\u0107 s\u0142uchaj\u0105c jej bardzo g\u0142o\u015bno, co w p\u00f3\u017aniejszych latach zaowocowa\u0142o noszeniem aparatu s\u0142uchowego.<\/li>\n\n\n\n<li>Marszand Piotr Dmochowski prowadzi\u0142 w Pary\u017cu galeri\u0119 i sprzedawa\u0142 obrazy Beksi\u0144skiego. Pomimo zachwyt\u00f3w publiczno\u015bci obrazami pocz\u0105tkowo sprzeda\u017c by\u0142a niewielka do dnia gdy do galerii wesz\u0142a grupa Japo\u0144czyk\u00f3w, kt\u00f3rzy zakupili wszystkie obrazy p\u0142ac\u0105c milion dolar\u00f3w ameryka\u0144skich.<br><\/li>\n<\/ul>\n\n\n\n<p><strong>\u201eIn hoc signo vinces (\u201ePod tym znakiem zwyci\u0119\u017cysz\u201d).<\/strong><br><br>&#8230;\u201dWielu ludzi stara\u0142o si\u0119 zrozumie\u0107 sentencj\u0119 wyryt\u0105 na \u015bcianie, ale trzeba by\u0142o zna\u0107 Beksi\u0144skiego, \u017ceby wiedzie\u0107, \u017ce ten napis NIC nie znaczy\u0142\u201d&#8230; &#8211; tak m\u00f3wi Piotr Dmochowski marszand i przyjaciel artysty, w\u0142a\u015bciciela obrazu \u201eKo\u0142yska\u201d. M\u00f3wi on dalej:<br>&#8230;\u201dNapis, by\u0142 takim samym rekwizytem jak ptaki na murze, czy potworki \u0142asz\u0105ce si\u0119 przed ko\u0142ysk\u0105. Beksi\u0144ski cz\u0119sto albo umieszcza\u0142 jaki\u015b napis albo jak\u0105\u015b cyfr\u0119 na obrazie, bez najmniejszego znaczenia. Po prostu tak mu \u201epasowa\u0142o\u201d, bo dany rekwizyt podkre\u015bla\u0142 tajemniczo\u015b\u0107 lub tragizm atmosfery jak\u0105 Mistrz chcia\u0142 stworzy\u0107. Innego \u201eznaczenia\u201d tam nie by\u0142o\u201d&#8230;<br><br>Sta\u0142e wystawy Zdzis\u0142awa Beksi\u0144skiego znajduj\u0105 si\u0119 w Nowohuckim Centrum Kultury w Krakowie oraz w Muzeum Historycznym w Sanoku &#8211; rodzinnym mie\u015bcie malarza.<br><br><strong>Do\u0142\u0105cz do&nbsp;FB, aby \u015bledzi\u0107 ciekawostki z&nbsp;\u017cycia artyst\u00f3w<\/strong> \u2013 <a href=\"https:\/\/www.facebook.com\/kwintesencja.art\/\" target=\"_blank\" rel=\"noreferrer noopener\">LINK DO&nbsp;FACEBOOKA<\/a><br><strong>Zobacz obrazy artyst\u00f3w w&nbsp;Galerii Quintessence<\/strong> \u2013 <a href=\"https:\/\/kwintesencja.art\/en\/\" target=\"_blank\" rel=\"noreferrer noopener\" title=\"https:\/\/kwintesencja.art\/\">LINK DO&nbsp;GALERII<\/a><\/p>\n\n\n\n<p>\u0179r\u00f3d\u0142a: Fundacja Beksi\u0144skich, Culture.pl<\/p>","protected":false},"excerpt":{"rendered":"<p>Lubi\u0119 si\u0119 zgubi\u0107 w t\u0142umie, bo wtedy si\u0119 nie wyr\u00f3\u017cniam i czuj\u0119 si\u0119 dobrze. <\/p>","protected":false},"author":2,"featured_media":3165,"comment_status":"open","ping_status":"open","sticky":false,"template":"","format":"standard","meta":{"_monsterinsights_skip_tracking":false,"_monsterinsights_sitenote_active":false,"_monsterinsights_sitenote_note":"","_monsterinsights_sitenote_category":0,"_themeisle_gutenberg_block_has_review":false,"footnotes":""},"categories":[1,20,17],"tags":[162],"class_list":["post-2529","post","type-post","status-publish","format-standard","has-post-thumbnail","hentry","category-fotografia","category-grafika","category-malarstwo","tag-beksinski"],"aioseo_notices":[],"_links":{"self":[{"href":"https:\/\/kwintesencja.art\/en\/wp-json\/wp\/v2\/posts\/2529","targetHints":{"allow":["GET"]}}],"collection":[{"href":"https:\/\/kwintesencja.art\/en\/wp-json\/wp\/v2\/posts"}],"about":[{"href":"https:\/\/kwintesencja.art\/en\/wp-json\/wp\/v2\/types\/post"}],"author":[{"embeddable":true,"href":"https:\/\/kwintesencja.art\/en\/wp-json\/wp\/v2\/users\/2"}],"replies":[{"embeddable":true,"href":"https:\/\/kwintesencja.art\/en\/wp-json\/wp\/v2\/comments?post=2529"}],"version-history":[{"count":6,"href":"https:\/\/kwintesencja.art\/en\/wp-json\/wp\/v2\/posts\/2529\/revisions"}],"predecessor-version":[{"id":3162,"href":"https:\/\/kwintesencja.art\/en\/wp-json\/wp\/v2\/posts\/2529\/revisions\/3162"}],"wp:featuredmedia":[{"embeddable":true,"href":"https:\/\/kwintesencja.art\/en\/wp-json\/wp\/v2\/media\/3165"}],"wp:attachment":[{"href":"https:\/\/kwintesencja.art\/en\/wp-json\/wp\/v2\/media?parent=2529"}],"wp:term":[{"taxonomy":"category","embeddable":true,"href":"https:\/\/kwintesencja.art\/en\/wp-json\/wp\/v2\/categories?post=2529"},{"taxonomy":"post_tag","embeddable":true,"href":"https:\/\/kwintesencja.art\/en\/wp-json\/wp\/v2\/tags?post=2529"}],"curies":[{"name":"wp","href":"https:\/\/api.w.org\/{rel}","templated":true}]}}